
{"id":113155,"date":"2023-10-04T10:48:23","date_gmt":"2023-10-04T13:48:23","guid":{"rendered":"https:\/\/www.sudoestehoje.com.br\/novoportal\/?p=113155"},"modified":"2023-10-04T10:48:23","modified_gmt":"2023-10-04T13:48:23","slug":"itapetinga-populacao-reclama-do-sinal-digital-da-tv-sudoeste-na-cidade","status":"publish","type":"post","link":"https:\/\/www.sudoestehoje.com.br\/novoportal\/2023\/10\/04\/itapetinga-populacao-reclama-do-sinal-digital-da-tv-sudoeste-na-cidade\/","title":{"rendered":"ITAPETINGA | POPULA\u00c7\u00c3O RECLAMA DO SINAL DIGITAL DA TV SUDOESTE NA CIDADE"},"content":{"rendered":"<p><img loading=\"lazy\" decoding=\"async\" class=\"alignnone  wp-image-113156\" src=\"https:\/\/www.sudoestehoje.com.br\/novoportal\/wp-content\/uploads\/2023\/10\/Logotipo_TV_Sudoeste_Vitoria_da_Conquista.png\" alt=\"\" width=\"549\" height=\"433\" \/><\/p>\n<p><strong>Depois da ventania do final de agosto, que derrubou torres de transmiss\u00e3o dos sinais de televis\u00e3o na cidade, o sinal da TV Sudoeste vem apresentando constantes falhas em alguns bairros de Itapetinga.<\/strong><\/p>\n<p><strong>Em contato com o secret\u00e1rio municipal de administra\u00e7\u00e3o, o Sudoeste Hoje foi informado que a torre havia ca\u00eddo durante o evento clim\u00e1tico de agosto, mas que equipes da emissora estariam atuando para a recupera\u00e7\u00e3o do sinal, a pedido da prefeitura.<\/strong><\/p>\n<p><strong>De acordo com moradores, entretanto, alguns bairros ainda enfrentam dificuldades em sintonizar a emissora da Rede Globo, detentora de grande audi\u00eancia na regi\u00e3o.<\/strong><\/p>\n<p><strong>Al\u00f4, pessoal da TV Sudoeste, vamos arrumar isso a\u00ed&#8230;<\/strong><\/p>\n<p><strong>Reda\u00e7\u00e3o SH<\/strong><\/p>\n","protected":false},"excerpt":{"rendered":"<p>Depois da ventania do final de agosto, que derrubou torres de transmiss\u00e3o dos sinais de televis\u00e3o na cidade, o sinal da TV Sudoeste vem apresentando constantes falhas em alguns bairros de Itapetinga. Em contato com o secret\u00e1rio municipal de administra\u00e7\u00e3o, o Sudoeste Hoje foi informado que a torre havia ca\u00eddo durante o evento clim\u00e1tico de [&hellip;]<\/p>\n","protected":false},"author":2,"featured_media":113156,"comment_status":"closed","ping_status":"open","sticky":false,"template":"","format":"standard","meta":{"footnotes":"","_links_to":"","_links_to_target":""},"categories":[1],"tags":[],"class_list":["post-113155","post","type-post","status-publish","format-standard","has-post-thumbnail","hentry","category-geral"],"views":1122,"_links":{"self":[{"href":"https:\/\/www.sudoestehoje.com.br\/novoportal\/wp-json\/wp\/v2\/posts\/113155","targetHints":{"allow":["GET"]}}],"collection":[{"href":"https:\/\/www.sudoestehoje.com.br\/novoportal\/wp-json\/wp\/v2\/posts"}],"about":[{"href":"https:\/\/www.sudoestehoje.com.br\/novoportal\/wp-json\/wp\/v2\/types\/post"}],"author":[{"embeddable":true,"href":"https:\/\/www.sudoestehoje.com.br\/novoportal\/wp-json\/wp\/v2\/users\/2"}],"replies":[{"embeddable":true,"href":"https:\/\/www.sudoestehoje.com.br\/novoportal\/wp-json\/wp\/v2\/comments?post=113155"}],"version-history":[{"count":2,"href":"https:\/\/www.sudoestehoje.com.br\/novoportal\/wp-json\/wp\/v2\/posts\/113155\/revisions"}],"predecessor-version":[{"id":113158,"href":"https:\/\/www.sudoestehoje.com.br\/novoportal\/wp-json\/wp\/v2\/posts\/113155\/revisions\/113158"}],"wp:featuredmedia":[{"embeddable":true,"href":"https:\/\/www.sudoestehoje.com.br\/novoportal\/wp-json\/wp\/v2\/media\/113156"}],"wp:attachment":[{"href":"https:\/\/www.sudoestehoje.com.br\/novoportal\/wp-json\/wp\/v2\/media?parent=113155"}],"wp:term":[{"taxonomy":"category","embeddable":true,"href":"https:\/\/www.sudoestehoje.com.br\/novoportal\/wp-json\/wp\/v2\/categories?post=113155"},{"taxonomy":"post_tag","embeddable":true,"href":"https:\/\/www.sudoestehoje.com.br\/novoportal\/wp-json\/wp\/v2\/tags?post=113155"}],"curies":[{"name":"wp","href":"https:\/\/api.w.org\/{rel}","templated":true}]}}