
{"id":113148,"date":"2023-10-04T09:22:35","date_gmt":"2023-10-04T12:22:35","guid":{"rendered":"https:\/\/www.sudoestehoje.com.br\/novoportal\/?p=113148"},"modified":"2023-10-04T09:44:57","modified_gmt":"2023-10-04T12:44:57","slug":"as-novas-quentinhas-do-blog-sudoeste-hoje","status":"publish","type":"post","link":"https:\/\/www.sudoestehoje.com.br\/novoportal\/2023\/10\/04\/as-novas-quentinhas-do-blog-sudoeste-hoje\/","title":{"rendered":"AS NOVAS QUENTINHAS DO BLOG SUDOESTE HOJE"},"content":{"rendered":"<p><img loading=\"lazy\" decoding=\"async\" class=\"alignnone wp-image-113149\" src=\"https:\/\/www.sudoestehoje.com.br\/novoportal\/wp-content\/uploads\/2023\/10\/EU-TO-LIGADO.jpg\" alt=\"\" width=\"553\" height=\"354\" \/><\/p>\n<p><strong>AL\u00c9CIO CHAVES FORA DA DIREC (NRE-8)<\/strong><\/p>\n<p><strong>Uma not\u00edcia de \u00faltima hora impactou o j\u00e1 conturbado grupo de oposi\u00e7\u00e3o em Itapetinga, nesta quarta-feira (4): Al\u00e9cio Chaves rachou e pediu demiss\u00e3o do cargo de Coordenador do N\u00facleo Regional de Educa\u00e7\u00e3o. De acordo com fontes ligadas ao PT de Rosemberg, a gota d&#8217;\u00e1gua foi o apoio expl\u00edcito do governador Jer\u00f4nimo \u00e0 pr\u00e9-candidatura de Cida Moura (PSD), sem sequer ouvir o PT local, que quer ver a ex primeira dama pelas costas. Motivos n\u00e3o faltam.<\/strong><\/p>\n<p><strong>RAINHA DA CARGA D&#8217;\u00c1GUA<\/strong><\/p>\n<p><strong>Em discurso na tribuna da c\u00e2mara de vereadores, a vereadora petista Sibele Nery assumiu posi\u00e7\u00e3o contr\u00e1ria \u00e0 instala\u00e7\u00e3o do Atacarejo no bairro Morumbi, alegando supostas restri\u00e7\u00f5es no Plano Diretor e &#8216;inc\u00f4modo&#8217; aos ricos moradores do bairro, devido ao &#8216;fluxo de carretas&#8217;. Discurso besta, sem p\u00e9 nem cabe\u00e7a, que poderia ter sido evitado, se a vereadora n\u00e3o fosse t\u00e3o passional. Esqueceu que o novo empreendimento vai gerar centenas de empregos, uma das bandeiras do seu pr\u00f3prio partido. A redes sociais n\u00e3o perdoaram&#8230;<\/strong><\/p>\n<p><strong>CIDA MOURA QUEIMOU A LARGADA<\/strong><\/p>\n<p><strong>Uma das estrat\u00e9gias mais utilizadas em pr\u00e9-campanha eleitoral, \u00e9 a cautela. Quem larga na frente, atropelando a tudo e a todos, nem sempre &#8216;bebe \u00e1gua limpa&#8217;. Ao aparecer de m\u00e3os dadas com o ne\u00f3fito governador em palanque oficial, a ex primeira dama Cida Moura atropelou correligion\u00e1rios, despertou ci\u00fames e potencializou antigas rivalidades. O racha veio \u00e0 galope, com a sa\u00edda de Al\u00e9cio Chaves do cargo que ocupava, com muita compet\u00eancia, no governo estadual.<\/strong><\/p>\n<p><strong>DEBANDADA EM VISTA<\/strong><\/p>\n<p><strong>N\u00e3o \u00e9 segredo para ningu\u00e9m que setores do PT local vive flertando o grupo do prefeito Rodrigo Hagge (MDB), at\u00e9 por necessidade de sobreviv\u00eancia pol\u00edtica. Conversas de bastidores acontecem a todo momento e n\u00e3o ser\u00e1 surpresa se acontecer uma composi\u00e7\u00e3o entre os dois grupos, isolando a preferida de Jer\u00f4nimo.\u00a0<\/strong><\/p>\n<p><strong>AL\u00c9CIO SINALIZOU NO PALANQUE<\/strong><\/p>\n<p><strong>Durante as inaugura\u00e7\u00f5es do governo do estado, no \u00faltimo domingo, a insatisfa\u00e7\u00e3o foi instalada na base petista, quando Jer\u00f4nimo subiu no palanque de m\u00e3os dadas com Cida Moura, rival declarada do PT local. Sentado na primeira fila, mas meio que escanteado, Al\u00e9cio me chamou e disse: &#8220;Pode preparar o voto&#8230;&#8221;. O recado foi dado.<\/strong><\/p>\n<p><strong>FALTOU A PISCINA<\/strong><\/p>\n<p><strong>No projeto do Complexo Poliesportivo de Itapetinga e todas as outras cidades onde foi constru\u00eddo, consta uma &#8216;piscina semiol\u00edmpica&#8217; no projeto padr\u00e3o para toda a Bahia. Por raz\u00f5es que ningu\u00e9m soube explicar, a daqui &#8216;foi pro pau&#8217;, apesar do governador cit\u00e1-la em v\u00eddeo gravado no local. o gato comeu?<\/strong><\/p>\n<p><em><strong>Por Davi Ferraz\u00a0<\/strong><\/em><\/p>\n","protected":false},"excerpt":{"rendered":"<p>AL\u00c9CIO CHAVES FORA DA DIREC (NRE-8) Uma not\u00edcia de \u00faltima hora impactou o j\u00e1 conturbado grupo de oposi\u00e7\u00e3o em Itapetinga, nesta quarta-feira (4): Al\u00e9cio Chaves rachou e pediu demiss\u00e3o do cargo de Coordenador do N\u00facleo Regional de Educa\u00e7\u00e3o. De acordo com fontes ligadas ao PT de Rosemberg, a gota d&#8217;\u00e1gua foi o apoio expl\u00edcito do [&hellip;]<\/p>\n","protected":false},"author":2,"featured_media":113149,"comment_status":"closed","ping_status":"open","sticky":false,"template":"","format":"standard","meta":{"footnotes":"","_links_to":"","_links_to_target":""},"categories":[1],"tags":[],"class_list":["post-113148","post","type-post","status-publish","format-standard","has-post-thumbnail","hentry","category-geral"],"views":1220,"_links":{"self":[{"href":"https:\/\/www.sudoestehoje.com.br\/novoportal\/wp-json\/wp\/v2\/posts\/113148","targetHints":{"allow":["GET"]}}],"collection":[{"href":"https:\/\/www.sudoestehoje.com.br\/novoportal\/wp-json\/wp\/v2\/posts"}],"about":[{"href":"https:\/\/www.sudoestehoje.com.br\/novoportal\/wp-json\/wp\/v2\/types\/post"}],"author":[{"embeddable":true,"href":"https:\/\/www.sudoestehoje.com.br\/novoportal\/wp-json\/wp\/v2\/users\/2"}],"replies":[{"embeddable":true,"href":"https:\/\/www.sudoestehoje.com.br\/novoportal\/wp-json\/wp\/v2\/comments?post=113148"}],"version-history":[{"count":5,"href":"https:\/\/www.sudoestehoje.com.br\/novoportal\/wp-json\/wp\/v2\/posts\/113148\/revisions"}],"predecessor-version":[{"id":113154,"href":"https:\/\/www.sudoestehoje.com.br\/novoportal\/wp-json\/wp\/v2\/posts\/113148\/revisions\/113154"}],"wp:featuredmedia":[{"embeddable":true,"href":"https:\/\/www.sudoestehoje.com.br\/novoportal\/wp-json\/wp\/v2\/media\/113149"}],"wp:attachment":[{"href":"https:\/\/www.sudoestehoje.com.br\/novoportal\/wp-json\/wp\/v2\/media?parent=113148"}],"wp:term":[{"taxonomy":"category","embeddable":true,"href":"https:\/\/www.sudoestehoje.com.br\/novoportal\/wp-json\/wp\/v2\/categories?post=113148"},{"taxonomy":"post_tag","embeddable":true,"href":"https:\/\/www.sudoestehoje.com.br\/novoportal\/wp-json\/wp\/v2\/tags?post=113148"}],"curies":[{"name":"wp","href":"https:\/\/api.w.org\/{rel}","templated":true}]}}