
{"id":113134,"date":"2023-10-03T10:01:07","date_gmt":"2023-10-03T13:01:07","guid":{"rendered":"https:\/\/www.sudoestehoje.com.br\/novoportal\/?p=113134"},"modified":"2023-10-03T10:03:42","modified_gmt":"2023-10-03T13:03:42","slug":"itapetinga-seinfra-da-andamento-a-projetos-sugeridos-por-davi-ferraz","status":"publish","type":"post","link":"https:\/\/www.sudoestehoje.com.br\/novoportal\/2023\/10\/03\/itapetinga-seinfra-da-andamento-a-projetos-sugeridos-por-davi-ferraz\/","title":{"rendered":"ITAPETINGA | SEINFRA D\u00c1 ANDAMENTO A PROJETOS SUGERIDOS POR DAVI FERRAZ"},"content":{"rendered":"<p><img loading=\"lazy\" decoding=\"async\" class=\"alignnone wp-image-113137\" src=\"https:\/\/www.sudoestehoje.com.br\/novoportal\/wp-content\/uploads\/2023\/10\/WhatsApp-Image-2023-10-03-at-09.57.36-600x594.jpeg\" alt=\"\" width=\"549\" height=\"544\" srcset=\"https:\/\/www.sudoestehoje.com.br\/novoportal\/wp-content\/uploads\/2023\/10\/WhatsApp-Image-2023-10-03-at-09.57.36-600x594.jpeg 600w, https:\/\/www.sudoestehoje.com.br\/novoportal\/wp-content\/uploads\/2023\/10\/WhatsApp-Image-2023-10-03-at-09.57.36-700x693.jpeg 700w, https:\/\/www.sudoestehoje.com.br\/novoportal\/wp-content\/uploads\/2023\/10\/WhatsApp-Image-2023-10-03-at-09.57.36-150x150.jpeg 150w, https:\/\/www.sudoestehoje.com.br\/novoportal\/wp-content\/uploads\/2023\/10\/WhatsApp-Image-2023-10-03-at-09.57.36-768x760.jpeg 768w, https:\/\/www.sudoestehoje.com.br\/novoportal\/wp-content\/uploads\/2023\/10\/WhatsApp-Image-2023-10-03-at-09.57.36.jpeg 1079w\" sizes=\"auto, (max-width: 549px) 100vw, 549px\" \/><\/p>\n<p><strong>No \u00faltimo domingo (1), durante as inaugura\u00e7\u00f5es do governo do estado em Itapetinga, o advogado Davi Ferraz, pr\u00e9-candidato a prefeito pelo partido Cidadania, manteve contato com o engenheiro Saulo Pontes, Superintendente de Infraestrutura e Transportes da SEINFRA, oportunidade em que reiterou pedidos j\u00e1 encaminhados \u00e0 pasta, como a ilumina\u00e7\u00e3o do trecho urbano da BA-263 e pista com ciclovia entre o trevo do Derba e o Parque de Exposi\u00e7\u00e3o.<\/strong><\/p>\n<p><strong>ILUMINA\u00c7\u00c3O DA BA-263<\/strong><\/p>\n<p><strong>De acordo com o superintendente Saulo Pontes, o pedido para ilumina\u00e7\u00e3o do trecho urbano da BA-263, entre o trevo da Vulcabras\/Azaleia e o Posto da Pol\u00edcia Rodovi\u00e1ria, j\u00e1 se encontra em an\u00e1lise pela SEINFRA, devendo ser atendido em parte, j\u00e1 que \u00e9 um trecho muito longo.<\/strong><\/p>\n<p><strong><em>&#8220;Sugerimos a ilumina\u00e7\u00e3o de todo o trecho, entre a Azaleia e a Pol\u00edcia Rodovi\u00e1ria, mas \u00e9 prov\u00e1vel que o governo atenda apenas uma parte do nosso pedido, implantando ilumina\u00e7\u00e3o entre a ponte de Z\u00e9 Dias e o Assa\u00ed, que j\u00e1 conta com ilumina\u00e7\u00e3o em uma boa parte&#8221;<\/em>, explicou Davi Ferraz.\u00a0<\/strong><\/p>\n<p><img loading=\"lazy\" decoding=\"async\" class=\"alignnone  wp-image-113139\" src=\"https:\/\/www.sudoestehoje.com.br\/novoportal\/wp-content\/uploads\/2023\/10\/WhatsApp-Image-2023-10-03-at-09.58.43-1-600x616.jpeg\" alt=\"\" width=\"551\" height=\"566\" srcset=\"https:\/\/www.sudoestehoje.com.br\/novoportal\/wp-content\/uploads\/2023\/10\/WhatsApp-Image-2023-10-03-at-09.58.43-1-600x616.jpeg 600w, https:\/\/www.sudoestehoje.com.br\/novoportal\/wp-content\/uploads\/2023\/10\/WhatsApp-Image-2023-10-03-at-09.58.43-1-700x718.jpeg 700w, https:\/\/www.sudoestehoje.com.br\/novoportal\/wp-content\/uploads\/2023\/10\/WhatsApp-Image-2023-10-03-at-09.58.43-1-768x788.jpeg 768w, https:\/\/www.sudoestehoje.com.br\/novoportal\/wp-content\/uploads\/2023\/10\/WhatsApp-Image-2023-10-03-at-09.58.43-1.jpeg 1079w\" sizes=\"auto, (max-width: 551px) 100vw, 551px\" \/><\/p>\n<p><strong>PISTA COM COM CICLOVIA ENTRE O DERBA E A EXPOSI\u00c7\u00c3O<\/strong><\/p>\n<p><strong>Na esteira da reforma do aeroporto local, Davi Ferraz refor\u00e7ou a necessidade da requalifica\u00e7\u00e3o da Av. Isai Amorim, entre o antigo trevo do Derba e o Parque de Exposi\u00e7\u00f5es, com novo recapeamento asf\u00e1ltico, ciclovia e faixa para caminhada, em toda a sua extens\u00e3o.\u00a0<\/strong><\/p>\n<p><strong><em>&#8220;O nosso pedido foi de requalifica\u00e7\u00e3o dessa via foi feito na presen\u00e7a do engenheiro regional da Seinfra, Dr. Emison, que elogiou e refor\u00e7ou a import\u00e2ncia da obra. Imediatamente, o superintendente Saulo Pontes solicitou ao seu comandado, o prjeto e or\u00e7amento da obra, para an\u00e1lise da sua viabilidade pela secretaria do governo&#8221;<\/em>, ressaltou Davi.<\/strong><\/p>\n<p><strong>As sugest\u00f5es do pr\u00e9-candidato Davi Ferraz t\u00eam agradado a popula\u00e7\u00e3o de Itapetinga, o que confirma a sua vasta experi\u00eancia, e conhecimento na \u00e1rea da gest\u00e3o p\u00fablica, qualifica\u00e7\u00e3o necess\u00e1ria para quem pretende se apresentar como um bom gestor.\u00a0\u00a0<\/strong><\/p>\n<p><strong>Reda\u00e7\u00e3o SH<\/strong><\/p>\n","protected":false},"excerpt":{"rendered":"<p>No \u00faltimo domingo (1), durante as inaugura\u00e7\u00f5es do governo do estado em Itapetinga, o advogado Davi Ferraz, pr\u00e9-candidato a prefeito pelo partido Cidadania, manteve contato com o engenheiro Saulo Pontes, Superintendente de Infraestrutura e Transportes da SEINFRA, oportunidade em que reiterou pedidos j\u00e1 encaminhados \u00e0 pasta, como a ilumina\u00e7\u00e3o do trecho urbano da BA-263 e [&hellip;]<\/p>\n","protected":false},"author":2,"featured_media":113137,"comment_status":"closed","ping_status":"open","sticky":false,"template":"","format":"standard","meta":{"footnotes":"","_links_to":"","_links_to_target":""},"categories":[1],"tags":[],"class_list":["post-113134","post","type-post","status-publish","format-standard","has-post-thumbnail","hentry","category-geral"],"views":1104,"_links":{"self":[{"href":"https:\/\/www.sudoestehoje.com.br\/novoportal\/wp-json\/wp\/v2\/posts\/113134","targetHints":{"allow":["GET"]}}],"collection":[{"href":"https:\/\/www.sudoestehoje.com.br\/novoportal\/wp-json\/wp\/v2\/posts"}],"about":[{"href":"https:\/\/www.sudoestehoje.com.br\/novoportal\/wp-json\/wp\/v2\/types\/post"}],"author":[{"embeddable":true,"href":"https:\/\/www.sudoestehoje.com.br\/novoportal\/wp-json\/wp\/v2\/users\/2"}],"replies":[{"embeddable":true,"href":"https:\/\/www.sudoestehoje.com.br\/novoportal\/wp-json\/wp\/v2\/comments?post=113134"}],"version-history":[{"count":5,"href":"https:\/\/www.sudoestehoje.com.br\/novoportal\/wp-json\/wp\/v2\/posts\/113134\/revisions"}],"predecessor-version":[{"id":113141,"href":"https:\/\/www.sudoestehoje.com.br\/novoportal\/wp-json\/wp\/v2\/posts\/113134\/revisions\/113141"}],"wp:featuredmedia":[{"embeddable":true,"href":"https:\/\/www.sudoestehoje.com.br\/novoportal\/wp-json\/wp\/v2\/media\/113137"}],"wp:attachment":[{"href":"https:\/\/www.sudoestehoje.com.br\/novoportal\/wp-json\/wp\/v2\/media?parent=113134"}],"wp:term":[{"taxonomy":"category","embeddable":true,"href":"https:\/\/www.sudoestehoje.com.br\/novoportal\/wp-json\/wp\/v2\/categories?post=113134"},{"taxonomy":"post_tag","embeddable":true,"href":"https:\/\/www.sudoestehoje.com.br\/novoportal\/wp-json\/wp\/v2\/tags?post=113134"}],"curies":[{"name":"wp","href":"https:\/\/api.w.org\/{rel}","templated":true}]}}