
{"id":113128,"date":"2023-10-03T08:46:33","date_gmt":"2023-10-03T11:46:33","guid":{"rendered":"https:\/\/www.sudoestehoje.com.br\/novoportal\/?p=113128"},"modified":"2023-10-03T08:46:33","modified_gmt":"2023-10-03T11:46:33","slug":"itapetinga-e-destaque-na-geracao-de-empregos-na-bahia","status":"publish","type":"post","link":"https:\/\/www.sudoestehoje.com.br\/novoportal\/2023\/10\/03\/itapetinga-e-destaque-na-geracao-de-empregos-na-bahia\/","title":{"rendered":"ITAPETINGA \u00c9 DESTAQUE NA GERA\u00c7\u00c3O DE EMPREGOS NA BAHIA"},"content":{"rendered":"<p align=\"justify\"><img loading=\"lazy\" decoding=\"async\" class=\"alignnone  wp-image-113131\" src=\"https:\/\/www.sudoestehoje.com.br\/novoportal\/wp-content\/uploads\/2023\/10\/c2922d6e-53d0-44db-b103-dbfcfb19e84e-600x400.jpeg\" alt=\"\" width=\"549\" height=\"366\" srcset=\"https:\/\/www.sudoestehoje.com.br\/novoportal\/wp-content\/uploads\/2023\/10\/c2922d6e-53d0-44db-b103-dbfcfb19e84e-600x400.jpeg 600w, https:\/\/www.sudoestehoje.com.br\/novoportal\/wp-content\/uploads\/2023\/10\/c2922d6e-53d0-44db-b103-dbfcfb19e84e-700x467.jpeg 700w, https:\/\/www.sudoestehoje.com.br\/novoportal\/wp-content\/uploads\/2023\/10\/c2922d6e-53d0-44db-b103-dbfcfb19e84e.jpeg 768w\" sizes=\"auto, (max-width: 549px) 100vw, 549px\" \/><\/p>\n<p class=\"western\" align=\"justify\"><strong>Segundo levantamento do CAGED (Cadastro Geral de Empregados e Desempregados) no quesito desenvolvimento, mais uma vez, Itapetinga aparece atualmente como uma das cidades de nosso estado com saldo positivo na gera\u00e7\u00e3o de empregos em favor da popula\u00e7\u00e3o local. <\/strong><\/p>\n<p class=\"western\" align=\"justify\"><strong>O CAGED \u00e9 um demonstrativo utilizado pelo Minist\u00e9rio do Trabalho e Emprego para acompanhar a situa\u00e7\u00e3o da m\u00e3o de obra formal no Brasil, levantando dados de gera\u00e7\u00e3o de emprego e desemprego no pa\u00eds.<\/strong><\/p>\n<p class=\"western\" align=\"justify\"><strong>Confira o saldo de contrata\u00e7\u00f5es em Itapetinga at\u00e9 agosto de 2023 e compare com algumas cidades de nosso estado no Blog Pod Cast:<\/strong><\/p>\n<blockquote class=\"wp-embedded-content\" data-secret=\"XktP9EpyLM\"><p><a href=\"https:\/\/www.programapodcast.com.br\/v1\/2023\/10\/02\/progresso-itapetinga-e-novamente-destaque-na-criacao-de-emprego-na-bahia\/\">ITAPETINGA \u00c9 NOVAMENTE DESTAQUE NA CRIA\u00c7\u00c3O DE EMPREGO NA BAHIA<\/a><\/p><\/blockquote>\n<p><iframe loading=\"lazy\" class=\"wp-embedded-content\" sandbox=\"allow-scripts\" security=\"restricted\" style=\"position: absolute; visibility: hidden;\" title=\"&#8220;ITAPETINGA \u00c9 NOVAMENTE DESTAQUE NA CRIA\u00c7\u00c3O DE EMPREGO NA BAHIA&#8221; &#8212; PROGRAMA PODCAST \/\/ \" src=\"https:\/\/www.programapodcast.com.br\/v1\/2023\/10\/02\/progresso-itapetinga-e-novamente-destaque-na-criacao-de-emprego-na-bahia\/embed\/#?secret=PpLTNlphQm#?secret=XktP9EpyLM\" data-secret=\"XktP9EpyLM\" width=\"500\" height=\"282\" frameborder=\"0\" marginwidth=\"0\" marginheight=\"0\" scrolling=\"no\"><\/iframe><\/p>\n","protected":false},"excerpt":{"rendered":"<p>Segundo levantamento do CAGED (Cadastro Geral de Empregados e Desempregados) no quesito desenvolvimento, mais uma vez, Itapetinga aparece atualmente como uma das cidades de nosso estado com saldo positivo na gera\u00e7\u00e3o de empregos em favor da popula\u00e7\u00e3o local. O CAGED \u00e9 um demonstrativo utilizado pelo Minist\u00e9rio do Trabalho e Emprego para acompanhar a situa\u00e7\u00e3o da [&hellip;]<\/p>\n","protected":false},"author":2,"featured_media":113131,"comment_status":"closed","ping_status":"open","sticky":false,"template":"","format":"standard","meta":{"footnotes":"","_links_to":"","_links_to_target":""},"categories":[1],"tags":[],"class_list":["post-113128","post","type-post","status-publish","format-standard","has-post-thumbnail","hentry","category-geral"],"views":817,"_links":{"self":[{"href":"https:\/\/www.sudoestehoje.com.br\/novoportal\/wp-json\/wp\/v2\/posts\/113128","targetHints":{"allow":["GET"]}}],"collection":[{"href":"https:\/\/www.sudoestehoje.com.br\/novoportal\/wp-json\/wp\/v2\/posts"}],"about":[{"href":"https:\/\/www.sudoestehoje.com.br\/novoportal\/wp-json\/wp\/v2\/types\/post"}],"author":[{"embeddable":true,"href":"https:\/\/www.sudoestehoje.com.br\/novoportal\/wp-json\/wp\/v2\/users\/2"}],"replies":[{"embeddable":true,"href":"https:\/\/www.sudoestehoje.com.br\/novoportal\/wp-json\/wp\/v2\/comments?post=113128"}],"version-history":[{"count":4,"href":"https:\/\/www.sudoestehoje.com.br\/novoportal\/wp-json\/wp\/v2\/posts\/113128\/revisions"}],"predecessor-version":[{"id":113133,"href":"https:\/\/www.sudoestehoje.com.br\/novoportal\/wp-json\/wp\/v2\/posts\/113128\/revisions\/113133"}],"wp:featuredmedia":[{"embeddable":true,"href":"https:\/\/www.sudoestehoje.com.br\/novoportal\/wp-json\/wp\/v2\/media\/113131"}],"wp:attachment":[{"href":"https:\/\/www.sudoestehoje.com.br\/novoportal\/wp-json\/wp\/v2\/media?parent=113128"}],"wp:term":[{"taxonomy":"category","embeddable":true,"href":"https:\/\/www.sudoestehoje.com.br\/novoportal\/wp-json\/wp\/v2\/categories?post=113128"},{"taxonomy":"post_tag","embeddable":true,"href":"https:\/\/www.sudoestehoje.com.br\/novoportal\/wp-json\/wp\/v2\/tags?post=113128"}],"curies":[{"name":"wp","href":"https:\/\/api.w.org\/{rel}","templated":true}]}}