
{"id":113113,"date":"2023-09-30T20:13:07","date_gmt":"2023-09-30T23:13:07","guid":{"rendered":"https:\/\/www.sudoestehoje.com.br\/novoportal\/?p=113113"},"modified":"2023-09-30T20:13:07","modified_gmt":"2023-09-30T23:13:07","slug":"itapetinga-prefeito-rodrigo-hagge-confirma-participacao-em-inauguracoes-do-governo-do-estado-neste-domingo","status":"publish","type":"post","link":"https:\/\/www.sudoestehoje.com.br\/novoportal\/2023\/09\/30\/itapetinga-prefeito-rodrigo-hagge-confirma-participacao-em-inauguracoes-do-governo-do-estado-neste-domingo\/","title":{"rendered":"ITAPETINGA | PREFEITO RODRIGO HAGGE CONFIRMA PARTICIPA\u00c7\u00c3O EM INAUGURA\u00c7\u00d5ES DO GOVERNO DO ESTADO NESTE DOMINGO"},"content":{"rendered":"<p><img loading=\"lazy\" decoding=\"async\" class=\"alignnone  wp-image-113116\" src=\"https:\/\/www.sudoestehoje.com.br\/novoportal\/wp-content\/uploads\/2023\/09\/rodrigo-600x370.jpg\" alt=\"\" width=\"550\" height=\"339\" srcset=\"https:\/\/www.sudoestehoje.com.br\/novoportal\/wp-content\/uploads\/2023\/09\/rodrigo-600x370.jpg 600w, https:\/\/www.sudoestehoje.com.br\/novoportal\/wp-content\/uploads\/2023\/09\/rodrigo-700x431.jpg 700w, https:\/\/www.sudoestehoje.com.br\/novoportal\/wp-content\/uploads\/2023\/09\/rodrigo-768x473.jpg 768w, https:\/\/www.sudoestehoje.com.br\/novoportal\/wp-content\/uploads\/2023\/09\/rodrigo.jpg 1034w\" sizes=\"auto, (max-width: 550px) 100vw, 550px\" \/><\/p>\n<p><strong>Convidado oficialmente pelo governador Jer\u00f4nimo Rodrigues, o prefeito de Itapetinga confirmou, neste s\u00e1bado (30), que participar\u00e1 da programa\u00e7\u00e3o do governo do estado em Itapetinga, neste domingo (1), quando algumas obras ser\u00e3o inauguradas e entregues \u00e0 popula\u00e7\u00e3o do munic\u00edpio.<\/strong><\/p>\n<p><strong><em>&#8220;Apesar de estarmos em polos pol\u00edticos diferentes, n\u00e3o deixarei de participar dos eventos do governo na nossa cidade, principalmente em inaugura\u00e7\u00f5es de obras reivindicadas por nossa popula\u00e7\u00e3o, como o Complexo Poliesportivo, reforma do aer\u00f3dromo e pavimenta\u00e7\u00e3o da estrada que liga Itapetinga a Macarani, Maiquinique e Itarantim, cidades irm\u00e3s do nosso munic\u00edpio&#8221;<\/em>, afirmou Rodrigo.<\/strong><\/p>\n<p><strong>A chegada do governador em Itapetinga est\u00e1 prevista para as 9h de amanh\u00e3, no aer\u00f3dromo municipal, de onde partir\u00e1 em comitiva aos locais das obras a serem inauguradas.<\/strong><\/p>\n<p><strong><em>&#8220;Vamos receber o governador e sua equipe no nosso munic\u00edpio, com todo respeito, e acompanh\u00e1-lo em toda a programa\u00e7\u00e3o oficial, durante a sua estadia em Itapetinga, neste domingo&#8221;<\/em>, finalizou Rodrigo.<\/strong><\/p>\n<p><strong>Por Davi Ferraz<\/strong><\/p>\n","protected":false},"excerpt":{"rendered":"<p>Convidado oficialmente pelo governador Jer\u00f4nimo Rodrigues, o prefeito de Itapetinga confirmou, neste s\u00e1bado (30), que participar\u00e1 da programa\u00e7\u00e3o do governo do estado em Itapetinga, neste domingo (1), quando algumas obras ser\u00e3o inauguradas e entregues \u00e0 popula\u00e7\u00e3o do munic\u00edpio. &#8220;Apesar de estarmos em polos pol\u00edticos diferentes, n\u00e3o deixarei de participar dos eventos do governo na nossa [&hellip;]<\/p>\n","protected":false},"author":2,"featured_media":113116,"comment_status":"closed","ping_status":"open","sticky":false,"template":"","format":"standard","meta":{"footnotes":"","_links_to":"","_links_to_target":""},"categories":[1],"tags":[],"class_list":["post-113113","post","type-post","status-publish","format-standard","has-post-thumbnail","hentry","category-geral"],"views":952,"_links":{"self":[{"href":"https:\/\/www.sudoestehoje.com.br\/novoportal\/wp-json\/wp\/v2\/posts\/113113","targetHints":{"allow":["GET"]}}],"collection":[{"href":"https:\/\/www.sudoestehoje.com.br\/novoportal\/wp-json\/wp\/v2\/posts"}],"about":[{"href":"https:\/\/www.sudoestehoje.com.br\/novoportal\/wp-json\/wp\/v2\/types\/post"}],"author":[{"embeddable":true,"href":"https:\/\/www.sudoestehoje.com.br\/novoportal\/wp-json\/wp\/v2\/users\/2"}],"replies":[{"embeddable":true,"href":"https:\/\/www.sudoestehoje.com.br\/novoportal\/wp-json\/wp\/v2\/comments?post=113113"}],"version-history":[{"count":3,"href":"https:\/\/www.sudoestehoje.com.br\/novoportal\/wp-json\/wp\/v2\/posts\/113113\/revisions"}],"predecessor-version":[{"id":113117,"href":"https:\/\/www.sudoestehoje.com.br\/novoportal\/wp-json\/wp\/v2\/posts\/113113\/revisions\/113117"}],"wp:featuredmedia":[{"embeddable":true,"href":"https:\/\/www.sudoestehoje.com.br\/novoportal\/wp-json\/wp\/v2\/media\/113116"}],"wp:attachment":[{"href":"https:\/\/www.sudoestehoje.com.br\/novoportal\/wp-json\/wp\/v2\/media?parent=113113"}],"wp:term":[{"taxonomy":"category","embeddable":true,"href":"https:\/\/www.sudoestehoje.com.br\/novoportal\/wp-json\/wp\/v2\/categories?post=113113"},{"taxonomy":"post_tag","embeddable":true,"href":"https:\/\/www.sudoestehoje.com.br\/novoportal\/wp-json\/wp\/v2\/tags?post=113113"}],"curies":[{"name":"wp","href":"https:\/\/api.w.org\/{rel}","templated":true}]}}