
{"id":113108,"date":"2023-09-29T20:44:36","date_gmt":"2023-09-29T23:44:36","guid":{"rendered":"https:\/\/www.sudoestehoje.com.br\/novoportal\/?p=113108"},"modified":"2023-09-29T20:44:36","modified_gmt":"2023-09-29T23:44:36","slug":"colisao-entre-veiculos-deixa-3-mortos-no-oeste-da-bahia-menino-de-6-anos-nao-resistiu","status":"publish","type":"post","link":"https:\/\/www.sudoestehoje.com.br\/novoportal\/2023\/09\/29\/colisao-entre-veiculos-deixa-3-mortos-no-oeste-da-bahia-menino-de-6-anos-nao-resistiu\/","title":{"rendered":"COLIS\u00c3O ENTRE VE\u00cdCULOS DEIXA 3 MORTOS NO OESTE DA BAHIA; MENINO DE 6 ANOS N\u00c3O RESISTIU"},"content":{"rendered":"<p><img loading=\"lazy\" decoding=\"async\" class=\"alignnone  wp-image-113111\" src=\"https:\/\/www.sudoestehoje.com.br\/novoportal\/wp-content\/uploads\/2023\/09\/portaldocerrado-acidente-na-br-020-deixa-deixa-3-mortos-na-br-020-e-feridos-acidente-br-020-678x381.jpeg-600x337.webp\" alt=\"\" width=\"550\" height=\"309\" srcset=\"https:\/\/www.sudoestehoje.com.br\/novoportal\/wp-content\/uploads\/2023\/09\/portaldocerrado-acidente-na-br-020-deixa-deixa-3-mortos-na-br-020-e-feridos-acidente-br-020-678x381.jpeg-600x337.webp 600w, https:\/\/www.sudoestehoje.com.br\/novoportal\/wp-content\/uploads\/2023\/09\/portaldocerrado-acidente-na-br-020-deixa-deixa-3-mortos-na-br-020-e-feridos-acidente-br-020-678x381.jpeg.webp 678w\" sizes=\"auto, (max-width: 550px) 100vw, 550px\" \/><\/p>\n<p class=\"p1\"><strong><span class=\"s1\">Tr\u00eas pessoas perderam a vida em um tr\u00e1gico acidente na manh\u00e3 desta sexta-feira (29) na BR-020, a cerca de 20 km da cidade de Lu\u00eds Eduardo Magalh\u00e3es, localizada no oeste da Bahia. As v\u00edtimas fatais incluem o condutor da caminhonete e dois ocupantes do ve\u00edculo de passeio, entre eles um menino de apenas 6 anos.<\/span><\/strong><\/p>\n<p class=\"p1\"><strong><span class=\"s1\">O acidente ocorreu por volta das 5h30 da manh\u00e3, resultando na destrui\u00e7\u00e3o de ambos os ve\u00edculos envolvidos. O motor de um dos carros foi arremessado a uma dist\u00e2ncia de aproximadamente cinco metros do ve\u00edculo devido ao impacto.<\/span><\/strong><\/p>\n<p class=\"p1\"><strong><span class=\"s1\">A caminhonete transportava quatro ocupantes no momento do acidente, enquanto o carro de passeio levava tr\u00eas pessoas. Informa\u00e7\u00f5es preliminares indicam que os ocupantes do ve\u00edculo menor estavam aproveitando as f\u00e9rias em Lu\u00eds Eduardo Magalh\u00e3es e estavam a caminho de S\u00e3o Paulo quando a colis\u00e3o ocorreu.<\/span><\/strong><\/p>\n<p class=\"p1\"><strong><span class=\"s1\">\u00c0s 8h20, apenas uma das faixas da pista estava liberada para o tr\u00e1fego de ve\u00edculos, resultando em engarrafamento na regi\u00e3o. Dos quatro feridos no acidente, tr\u00eas foram encaminhados para a Unidade de Pronto Atendimento (UPA) de Lu\u00eds Eduardo Magalh\u00e3es, enquanto um paciente em estado mais grave foi transferido para o Hospital do Oeste.<\/span><\/strong><\/p>\n","protected":false},"excerpt":{"rendered":"<p>Tr\u00eas pessoas perderam a vida em um tr\u00e1gico acidente na manh\u00e3 desta sexta-feira (29) na BR-020, a cerca de 20 km da cidade de Lu\u00eds Eduardo Magalh\u00e3es, localizada no oeste da Bahia. As v\u00edtimas fatais incluem o condutor da caminhonete e dois ocupantes do ve\u00edculo de passeio, entre eles um menino de apenas 6 anos. [&hellip;]<\/p>\n","protected":false},"author":2,"featured_media":113111,"comment_status":"closed","ping_status":"open","sticky":false,"template":"","format":"standard","meta":{"footnotes":"","_links_to":"","_links_to_target":""},"categories":[1],"tags":[],"class_list":["post-113108","post","type-post","status-publish","format-standard","has-post-thumbnail","hentry","category-geral"],"views":911,"_links":{"self":[{"href":"https:\/\/www.sudoestehoje.com.br\/novoportal\/wp-json\/wp\/v2\/posts\/113108","targetHints":{"allow":["GET"]}}],"collection":[{"href":"https:\/\/www.sudoestehoje.com.br\/novoportal\/wp-json\/wp\/v2\/posts"}],"about":[{"href":"https:\/\/www.sudoestehoje.com.br\/novoportal\/wp-json\/wp\/v2\/types\/post"}],"author":[{"embeddable":true,"href":"https:\/\/www.sudoestehoje.com.br\/novoportal\/wp-json\/wp\/v2\/users\/2"}],"replies":[{"embeddable":true,"href":"https:\/\/www.sudoestehoje.com.br\/novoportal\/wp-json\/wp\/v2\/comments?post=113108"}],"version-history":[{"count":3,"href":"https:\/\/www.sudoestehoje.com.br\/novoportal\/wp-json\/wp\/v2\/posts\/113108\/revisions"}],"predecessor-version":[{"id":113112,"href":"https:\/\/www.sudoestehoje.com.br\/novoportal\/wp-json\/wp\/v2\/posts\/113108\/revisions\/113112"}],"wp:featuredmedia":[{"embeddable":true,"href":"https:\/\/www.sudoestehoje.com.br\/novoportal\/wp-json\/wp\/v2\/media\/113111"}],"wp:attachment":[{"href":"https:\/\/www.sudoestehoje.com.br\/novoportal\/wp-json\/wp\/v2\/media?parent=113108"}],"wp:term":[{"taxonomy":"category","embeddable":true,"href":"https:\/\/www.sudoestehoje.com.br\/novoportal\/wp-json\/wp\/v2\/categories?post=113108"},{"taxonomy":"post_tag","embeddable":true,"href":"https:\/\/www.sudoestehoje.com.br\/novoportal\/wp-json\/wp\/v2\/tags?post=113108"}],"curies":[{"name":"wp","href":"https:\/\/api.w.org\/{rel}","templated":true}]}}