
{"id":113101,"date":"2023-09-29T19:39:53","date_gmt":"2023-09-29T22:39:53","guid":{"rendered":"https:\/\/www.sudoestehoje.com.br\/novoportal\/?p=113101"},"modified":"2023-09-29T20:07:59","modified_gmt":"2023-09-29T23:07:59","slug":"governo-federal-oficializa-concurso-unificado-para-6-590-vagas-no-brasil","status":"publish","type":"post","link":"https:\/\/www.sudoestehoje.com.br\/novoportal\/2023\/09\/29\/governo-federal-oficializa-concurso-unificado-para-6-590-vagas-no-brasil\/","title":{"rendered":"GOVERNO FEDERAL OFICIALIZA CONCURSO UNIFICADO PARA 6.590 VAGAS; &#8216;ENEM DOS CONCURSOS&#8217;"},"content":{"rendered":"<p><img loading=\"lazy\" decoding=\"async\" class=\"alignnone wp-image-113102\" src=\"https:\/\/www.sudoestehoje.com.br\/novoportal\/wp-content\/uploads\/2023\/09\/um-homem-esta-escrevendo-assinando-um-artigo-focada-em-uma-mao-com-caneta-1024x683.jpg-600x400.webp\" alt=\"\" width=\"549\" height=\"366\" srcset=\"https:\/\/www.sudoestehoje.com.br\/novoportal\/wp-content\/uploads\/2023\/09\/um-homem-esta-escrevendo-assinando-um-artigo-focada-em-uma-mao-com-caneta-1024x683.jpg-600x400.webp 600w, https:\/\/www.sudoestehoje.com.br\/novoportal\/wp-content\/uploads\/2023\/09\/um-homem-esta-escrevendo-assinando-um-artigo-focada-em-uma-mao-com-caneta-1024x683.jpg-700x467.webp 700w, https:\/\/www.sudoestehoje.com.br\/novoportal\/wp-content\/uploads\/2023\/09\/um-homem-esta-escrevendo-assinando-um-artigo-focada-em-uma-mao-com-caneta-1024x683.jpg-768x512.webp 768w, https:\/\/www.sudoestehoje.com.br\/novoportal\/wp-content\/uploads\/2023\/09\/um-homem-esta-escrevendo-assinando-um-artigo-focada-em-uma-mao-com-caneta-1024x683.jpg.webp 1024w\" sizes=\"auto, (max-width: 549px) 100vw, 549px\" \/><\/p>\n<p><strong>O governo federal publicou, nesta sexta-feira (29), o decreto que institui o concurso p\u00fablico unificado. O documento traz as novas regras para a sele\u00e7\u00e3o de servidores p\u00fablicos no \u00e2mbito dos \u00f3rg\u00e3os e das entidades da administra\u00e7\u00e3o p\u00fablica federal direta, aut\u00e1rquica e fundacional, de forma conjunta. Ser\u00e3o abertas 6.590 vagas em mais de vinte \u00f3rg\u00e3os.<\/strong><\/p>\n<p><strong>O modelo de concurso unificado, desenvolvido pelo Minist\u00e9rio da Gest\u00e3o e da Inova\u00e7\u00e3o em Servi\u00e7os P\u00fablicos (MGI), prev\u00ea a realiza\u00e7\u00e3o simult\u00e2nea das provas em todos os estados e no Distrito Federal.<\/strong><\/p>\n<p><strong>O objetivo, segundo o decreto, \u00e9 promover igualdade de oportunidades de acesso aos cargos p\u00fablicos efetivos, por meio da padroniza\u00e7\u00e3o de procedimentos na aplica\u00e7\u00e3o das provas. A iniciativa tamb\u00e9m visa aprimorar os m\u00e9todos de sele\u00e7\u00e3o de servidores p\u00fablicos, \u201cde modo a priorizar as qualifica\u00e7\u00f5es necess\u00e1rias para o desempenho das atividades inerentes ao setor p\u00fablico; e zelar pelo princ\u00edpio da impessoalidade na sele\u00e7\u00e3o dos candidatos em todas as fases e etapas do certame.\u201d<\/strong><\/p>\n<p><strong>A ades\u00e3o ao Concurso P\u00fablico Nacional Unificado ser\u00e1 feita mediante assinatura de termo entre o \u00f3rg\u00e3o ou a entidade interessada e o MGI. Os custos com o certame ser\u00e3o rateados entre os \u00f3rg\u00e3os que aderirem \u00e0 proposta.<\/strong><\/p>\n","protected":false},"excerpt":{"rendered":"<p>O governo federal publicou, nesta sexta-feira (29), o decreto que institui o concurso p\u00fablico unificado. O documento traz as novas regras para a sele\u00e7\u00e3o de servidores p\u00fablicos no \u00e2mbito dos \u00f3rg\u00e3os e das entidades da administra\u00e7\u00e3o p\u00fablica federal direta, aut\u00e1rquica e fundacional, de forma conjunta. Ser\u00e3o abertas 6.590 vagas em mais de vinte \u00f3rg\u00e3os. O [&hellip;]<\/p>\n","protected":false},"author":2,"featured_media":113102,"comment_status":"closed","ping_status":"open","sticky":false,"template":"","format":"standard","meta":{"footnotes":"","_links_to":"","_links_to_target":""},"categories":[1],"tags":[],"class_list":["post-113101","post","type-post","status-publish","format-standard","has-post-thumbnail","hentry","category-geral"],"views":780,"_links":{"self":[{"href":"https:\/\/www.sudoestehoje.com.br\/novoportal\/wp-json\/wp\/v2\/posts\/113101","targetHints":{"allow":["GET"]}}],"collection":[{"href":"https:\/\/www.sudoestehoje.com.br\/novoportal\/wp-json\/wp\/v2\/posts"}],"about":[{"href":"https:\/\/www.sudoestehoje.com.br\/novoportal\/wp-json\/wp\/v2\/types\/post"}],"author":[{"embeddable":true,"href":"https:\/\/www.sudoestehoje.com.br\/novoportal\/wp-json\/wp\/v2\/users\/2"}],"replies":[{"embeddable":true,"href":"https:\/\/www.sudoestehoje.com.br\/novoportal\/wp-json\/wp\/v2\/comments?post=113101"}],"version-history":[{"count":3,"href":"https:\/\/www.sudoestehoje.com.br\/novoportal\/wp-json\/wp\/v2\/posts\/113101\/revisions"}],"predecessor-version":[{"id":113105,"href":"https:\/\/www.sudoestehoje.com.br\/novoportal\/wp-json\/wp\/v2\/posts\/113101\/revisions\/113105"}],"wp:featuredmedia":[{"embeddable":true,"href":"https:\/\/www.sudoestehoje.com.br\/novoportal\/wp-json\/wp\/v2\/media\/113102"}],"wp:attachment":[{"href":"https:\/\/www.sudoestehoje.com.br\/novoportal\/wp-json\/wp\/v2\/media?parent=113101"}],"wp:term":[{"taxonomy":"category","embeddable":true,"href":"https:\/\/www.sudoestehoje.com.br\/novoportal\/wp-json\/wp\/v2\/categories?post=113101"},{"taxonomy":"post_tag","embeddable":true,"href":"https:\/\/www.sudoestehoje.com.br\/novoportal\/wp-json\/wp\/v2\/tags?post=113101"}],"curies":[{"name":"wp","href":"https:\/\/api.w.org\/{rel}","templated":true}]}}