
{"id":113096,"date":"2023-09-29T18:47:46","date_gmt":"2023-09-29T21:47:46","guid":{"rendered":"https:\/\/www.sudoestehoje.com.br\/novoportal\/?p=113096"},"modified":"2023-09-29T18:47:46","modified_gmt":"2023-09-29T21:47:46","slug":"fatalidade-turista-do-norte-de-minas-morre-afogado-em-praia-do-sul-da-bahia","status":"publish","type":"post","link":"https:\/\/www.sudoestehoje.com.br\/novoportal\/2023\/09\/29\/fatalidade-turista-do-norte-de-minas-morre-afogado-em-praia-do-sul-da-bahia\/","title":{"rendered":"FATALIDADE | TURISTA DO NORTE DE MINAS MORRE AFOGADO EM PRAIA DO SUL DA BAHIA"},"content":{"rendered":"<p><img loading=\"lazy\" decoding=\"async\" class=\"alignnone  wp-image-113097\" src=\"https:\/\/www.sudoestehoje.com.br\/novoportal\/wp-content\/uploads\/2023\/09\/IMAGEM_NOTICIA_9-600x315.webp\" alt=\"\" width=\"549\" height=\"288\" srcset=\"https:\/\/www.sudoestehoje.com.br\/novoportal\/wp-content\/uploads\/2023\/09\/IMAGEM_NOTICIA_9-600x315.webp 600w, https:\/\/www.sudoestehoje.com.br\/novoportal\/wp-content\/uploads\/2023\/09\/IMAGEM_NOTICIA_9-700x368.webp 700w, https:\/\/www.sudoestehoje.com.br\/novoportal\/wp-content\/uploads\/2023\/09\/IMAGEM_NOTICIA_9-768x403.webp 768w, https:\/\/www.sudoestehoje.com.br\/novoportal\/wp-content\/uploads\/2023\/09\/IMAGEM_NOTICIA_9.webp 1200w\" sizes=\"auto, (max-width: 549px) 100vw, 549px\" \/><\/p>\n<p><strong>Um turista de 34 anos morreu ap\u00f3s afogamento na praia de Taipu de Fora, regi\u00e3o pertencente \u00e0 pen\u00ednsula de\u00a0Mara\u00fa, no extremo sul da Bahia. Segundo a Pol\u00edcia Civil, o caso ocorreu nesta quinta-feira (28) e a v\u00edtima, identificada como Gustavo Miguel Cunha da Silva, tinha 34 anos.\u00a0<\/strong><\/p>\n<p><strong>De acordo com o relat\u00f3rio policial, Gustavo chegou a ser socorrido por surfistas e encaminhado ao posto de Sa\u00fade de Barra Grande, mas j\u00e1 chegou no posto de atendimento sem vida.\u00a0<\/strong><\/p>\n<p><strong>O corpo de Gustavo foi recolhido para o Departamento de Pol\u00edcia T\u00e9cnica (DPT) de\u00a0Ilh\u00e9us. O homem era natural de Montes Claros, em Minas Gerais, e viajava com a fam\u00edlia. Segundo relatos, ele chegou em Mara\u00fa na quarta-feira (27) e se hospedava em um hotel pr\u00f3ximo da praia.<\/strong><\/p>\n","protected":false},"excerpt":{"rendered":"<p>Um turista de 34 anos morreu ap\u00f3s afogamento na praia de Taipu de Fora, regi\u00e3o pertencente \u00e0 pen\u00ednsula de\u00a0Mara\u00fa, no extremo sul da Bahia. Segundo a Pol\u00edcia Civil, o caso ocorreu nesta quinta-feira (28) e a v\u00edtima, identificada como Gustavo Miguel Cunha da Silva, tinha 34 anos.\u00a0 De acordo com o relat\u00f3rio policial, Gustavo chegou [&hellip;]<\/p>\n","protected":false},"author":2,"featured_media":113097,"comment_status":"closed","ping_status":"open","sticky":false,"template":"","format":"standard","meta":{"footnotes":"","_links_to":"","_links_to_target":""},"categories":[1],"tags":[],"class_list":["post-113096","post","type-post","status-publish","format-standard","has-post-thumbnail","hentry","category-geral"],"views":1067,"_links":{"self":[{"href":"https:\/\/www.sudoestehoje.com.br\/novoportal\/wp-json\/wp\/v2\/posts\/113096","targetHints":{"allow":["GET"]}}],"collection":[{"href":"https:\/\/www.sudoestehoje.com.br\/novoportal\/wp-json\/wp\/v2\/posts"}],"about":[{"href":"https:\/\/www.sudoestehoje.com.br\/novoportal\/wp-json\/wp\/v2\/types\/post"}],"author":[{"embeddable":true,"href":"https:\/\/www.sudoestehoje.com.br\/novoportal\/wp-json\/wp\/v2\/users\/2"}],"replies":[{"embeddable":true,"href":"https:\/\/www.sudoestehoje.com.br\/novoportal\/wp-json\/wp\/v2\/comments?post=113096"}],"version-history":[{"count":3,"href":"https:\/\/www.sudoestehoje.com.br\/novoportal\/wp-json\/wp\/v2\/posts\/113096\/revisions"}],"predecessor-version":[{"id":113100,"href":"https:\/\/www.sudoestehoje.com.br\/novoportal\/wp-json\/wp\/v2\/posts\/113096\/revisions\/113100"}],"wp:featuredmedia":[{"embeddable":true,"href":"https:\/\/www.sudoestehoje.com.br\/novoportal\/wp-json\/wp\/v2\/media\/113097"}],"wp:attachment":[{"href":"https:\/\/www.sudoestehoje.com.br\/novoportal\/wp-json\/wp\/v2\/media?parent=113096"}],"wp:term":[{"taxonomy":"category","embeddable":true,"href":"https:\/\/www.sudoestehoje.com.br\/novoportal\/wp-json\/wp\/v2\/categories?post=113096"},{"taxonomy":"post_tag","embeddable":true,"href":"https:\/\/www.sudoestehoje.com.br\/novoportal\/wp-json\/wp\/v2\/tags?post=113096"}],"curies":[{"name":"wp","href":"https:\/\/api.w.org\/{rel}","templated":true}]}}