
{"id":113052,"date":"2023-09-28T16:41:35","date_gmt":"2023-09-28T19:41:35","guid":{"rendered":"https:\/\/www.sudoestehoje.com.br\/novoportal\/?p=113052"},"modified":"2023-09-28T19:13:16","modified_gmt":"2023-09-28T22:13:16","slug":"itapetinga-coopardo-comemora-60-anos-de-fundacao-com-cafe-da-manha-entre-cooperados-colaboradores-diretoria-e-convidados","status":"publish","type":"post","link":"https:\/\/www.sudoestehoje.com.br\/novoportal\/2023\/09\/28\/itapetinga-coopardo-comemora-60-anos-de-fundacao-com-cafe-da-manha-entre-cooperados-colaboradores-diretoria-e-convidados\/","title":{"rendered":"ITAPETINGA | COOPARDO COMEMORA 60 ANOS DE FUNDA\u00c7\u00c3O COM CAF\u00c9 DA MANH\u00c3 ENTRE COOPERADOS, COLABORADORES, DIRETORIA E CONVIDADOS"},"content":{"rendered":"<p><img loading=\"lazy\" decoding=\"async\" class=\"alignnone wp-image-113055\" src=\"https:\/\/www.sudoestehoje.com.br\/novoportal\/wp-content\/uploads\/2023\/09\/WhatsApp-Image-2023-09-28-at-16.37.35-600x338.jpeg\" alt=\"\" width=\"550\" height=\"310\" srcset=\"https:\/\/www.sudoestehoje.com.br\/novoportal\/wp-content\/uploads\/2023\/09\/WhatsApp-Image-2023-09-28-at-16.37.35-600x338.jpeg 600w, https:\/\/www.sudoestehoje.com.br\/novoportal\/wp-content\/uploads\/2023\/09\/WhatsApp-Image-2023-09-28-at-16.37.35-700x394.jpeg 700w, https:\/\/www.sudoestehoje.com.br\/novoportal\/wp-content\/uploads\/2023\/09\/WhatsApp-Image-2023-09-28-at-16.37.35-768x432.jpeg 768w, https:\/\/www.sudoestehoje.com.br\/novoportal\/wp-content\/uploads\/2023\/09\/WhatsApp-Image-2023-09-28-at-16.37.35-1536x865.jpeg 1536w, https:\/\/www.sudoestehoje.com.br\/novoportal\/wp-content\/uploads\/2023\/09\/WhatsApp-Image-2023-09-28-at-16.37.35.jpeg 1600w\" sizes=\"auto, (max-width: 550px) 100vw, 550px\" \/><\/p>\n<p><strong>Nesta quinta-feira (28), a Cooperativa Mista do M\u00e9dio Rio Pardo &#8211; Coopardo comemorou os seus 60 anos de funda\u00e7\u00e3o, ofertando aos seus associados um belo encontro com caf\u00e9 da manh\u00e3, em sua sede localizada na Av. Isai Amorim, em Itapetinga e tamb\u00e9m nas suas 6 filiais na regi\u00e3o.<\/strong><\/p>\n<p><img loading=\"lazy\" decoding=\"async\" class=\"alignnone wp-image-113058\" src=\"https:\/\/www.sudoestehoje.com.br\/novoportal\/wp-content\/uploads\/2023\/09\/WhatsApp-Image-2023-09-28-at-16.44.27-600x338.jpeg\" alt=\"\" width=\"550\" height=\"310\" srcset=\"https:\/\/www.sudoestehoje.com.br\/novoportal\/wp-content\/uploads\/2023\/09\/WhatsApp-Image-2023-09-28-at-16.44.27-600x338.jpeg 600w, https:\/\/www.sudoestehoje.com.br\/novoportal\/wp-content\/uploads\/2023\/09\/WhatsApp-Image-2023-09-28-at-16.44.27-700x394.jpeg 700w, https:\/\/www.sudoestehoje.com.br\/novoportal\/wp-content\/uploads\/2023\/09\/WhatsApp-Image-2023-09-28-at-16.44.27-768x432.jpeg 768w, https:\/\/www.sudoestehoje.com.br\/novoportal\/wp-content\/uploads\/2023\/09\/WhatsApp-Image-2023-09-28-at-16.44.27-1536x865.jpeg 1536w, https:\/\/www.sudoestehoje.com.br\/novoportal\/wp-content\/uploads\/2023\/09\/WhatsApp-Image-2023-09-28-at-16.44.27.jpeg 1600w\" sizes=\"auto, (max-width: 550px) 100vw, 550px\" \/><\/p>\n<p><strong>O encontro foi marcado pela presen\u00e7a de um n\u00famero expressivo de associados e convidados, al\u00e9m dos pr\u00f3prios funcion\u00e1rios e membros da diretoria da maior cooperativa do Sudoeste baiano.<\/strong><\/p>\n<p><strong>Coube ao diretor presidente Alex Coelho fazer as honras da casa, recepcionando todos os presentes com um belo discurso que lembrou a import\u00e2ncia da Coopardo para a regi\u00e3o, relatando a sua trajet\u00f3ria e crescimento ao longo dessas seis d\u00e9cadas de exist\u00eancia.<\/strong><\/p>\n<p><img loading=\"lazy\" decoding=\"async\" class=\"alignnone wp-image-113057\" src=\"https:\/\/www.sudoestehoje.com.br\/novoportal\/wp-content\/uploads\/2023\/09\/WhatsApp-Image-2023-09-28-at-16.45.38-600x338.jpeg\" alt=\"\" width=\"549\" height=\"309\" srcset=\"https:\/\/www.sudoestehoje.com.br\/novoportal\/wp-content\/uploads\/2023\/09\/WhatsApp-Image-2023-09-28-at-16.45.38-600x338.jpeg 600w, https:\/\/www.sudoestehoje.com.br\/novoportal\/wp-content\/uploads\/2023\/09\/WhatsApp-Image-2023-09-28-at-16.45.38-700x394.jpeg 700w, https:\/\/www.sudoestehoje.com.br\/novoportal\/wp-content\/uploads\/2023\/09\/WhatsApp-Image-2023-09-28-at-16.45.38-768x432.jpeg 768w, https:\/\/www.sudoestehoje.com.br\/novoportal\/wp-content\/uploads\/2023\/09\/WhatsApp-Image-2023-09-28-at-16.45.38-1536x865.jpeg 1536w, https:\/\/www.sudoestehoje.com.br\/novoportal\/wp-content\/uploads\/2023\/09\/WhatsApp-Image-2023-09-28-at-16.45.38.jpeg 1600w\" sizes=\"auto, (max-width: 549px) 100vw, 549px\" \/><\/p>\n<p><strong>O bate-papo foi muito agrad\u00e1vel, com figuras importantes do agroneg\u00f3cio regional se confraternizando e relembrando toda a hist\u00f3ria da cooperativa.<\/strong><\/p>\n\n\t\t<style type=\"text\/css\">\n\t\t\t#gallery-1 {\n\t\t\t\tmargin: auto;\n\t\t\t}\n\t\t\t#gallery-1 .gallery-item {\n\t\t\t\tfloat: left;\n\t\t\t\tmargin-top: 10px;\n\t\t\t\ttext-align: center;\n\t\t\t\twidth: 33%;\n\t\t\t}\n\t\t\t#gallery-1 img {\n\t\t\t\tborder: 2px solid #cfcfcf;\n\t\t\t}\n\t\t\t#gallery-1 .gallery-caption {\n\t\t\t\tmargin-left: 0;\n\t\t\t}\n\t\t\t\/* see gallery_shortcode() in wp-includes\/media.php *\/\n\t\t<\/style>\n\t\t<div id='gallery-1' class='gallery galleryid-113052 gallery-columns-3 gallery-size-thumbnail'><dl class='gallery-item'>\n\t\t\t<dt class='gallery-icon landscape'>\n\t\t\t\t<a href='https:\/\/www.sudoestehoje.com.br\/novoportal\/2023\/09\/28\/itapetinga-coopardo-comemora-60-anos-de-fundacao-com-cafe-da-manha-entre-cooperados-colaboradores-diretoria-e-convidados\/whatsapp-image-2023-09-28-at-16-53-00\/'><img loading=\"lazy\" decoding=\"async\" width=\"150\" height=\"150\" src=\"https:\/\/www.sudoestehoje.com.br\/novoportal\/wp-content\/uploads\/2023\/09\/WhatsApp-Image-2023-09-28-at-16.53.00-150x150.jpeg\" class=\"attachment-thumbnail size-thumbnail\" alt=\"\" \/><\/a>\n\t\t\t<\/dt><\/dl><dl class='gallery-item'>\n\t\t\t<dt class='gallery-icon landscape'>\n\t\t\t\t<a href='https:\/\/www.sudoestehoje.com.br\/novoportal\/2023\/09\/28\/itapetinga-coopardo-comemora-60-anos-de-fundacao-com-cafe-da-manha-entre-cooperados-colaboradores-diretoria-e-convidados\/whatsapp-image-2023-09-28-at-11-00-08-3\/'><img loading=\"lazy\" decoding=\"async\" width=\"150\" height=\"150\" src=\"https:\/\/www.sudoestehoje.com.br\/novoportal\/wp-content\/uploads\/2023\/09\/WhatsApp-Image-2023-09-28-at-11.00.08-2-150x150.jpeg\" class=\"attachment-thumbnail size-thumbnail\" alt=\"\" \/><\/a>\n\t\t\t<\/dt><\/dl><dl class='gallery-item'>\n\t\t\t<dt class='gallery-icon landscape'>\n\t\t\t\t<a href='https:\/\/www.sudoestehoje.com.br\/novoportal\/2023\/09\/28\/itapetinga-coopardo-comemora-60-anos-de-fundacao-com-cafe-da-manha-entre-cooperados-colaboradores-diretoria-e-convidados\/whatsapp-image-2023-09-28-at-11-00-09-1-2\/'><img loading=\"lazy\" decoding=\"async\" width=\"150\" height=\"150\" src=\"https:\/\/www.sudoestehoje.com.br\/novoportal\/wp-content\/uploads\/2023\/09\/WhatsApp-Image-2023-09-28-at-11.00.09-1-2-150x150.jpeg\" class=\"attachment-thumbnail size-thumbnail\" alt=\"\" \/><\/a>\n\t\t\t<\/dt><\/dl><br style=\"clear: both\" \/><dl class='gallery-item'>\n\t\t\t<dt class='gallery-icon landscape'>\n\t\t\t\t<a href='https:\/\/www.sudoestehoje.com.br\/novoportal\/2023\/09\/28\/itapetinga-coopardo-comemora-60-anos-de-fundacao-com-cafe-da-manha-entre-cooperados-colaboradores-diretoria-e-convidados\/whatsapp-image-2023-09-28-at-11-00-09-3\/'><img loading=\"lazy\" decoding=\"async\" width=\"150\" height=\"150\" src=\"https:\/\/www.sudoestehoje.com.br\/novoportal\/wp-content\/uploads\/2023\/09\/WhatsApp-Image-2023-09-28-at-11.00.09-2-150x150.jpeg\" class=\"attachment-thumbnail size-thumbnail\" alt=\"\" \/><\/a>\n\t\t\t<\/dt><\/dl><dl class='gallery-item'>\n\t\t\t<dt class='gallery-icon landscape'>\n\t\t\t\t<a href='https:\/\/www.sudoestehoje.com.br\/novoportal\/2023\/09\/28\/itapetinga-coopardo-comemora-60-anos-de-fundacao-com-cafe-da-manha-entre-cooperados-colaboradores-diretoria-e-convidados\/whatsapp-image-2023-09-28-at-16-45-38-2\/'><img loading=\"lazy\" decoding=\"async\" width=\"150\" height=\"150\" src=\"https:\/\/www.sudoestehoje.com.br\/novoportal\/wp-content\/uploads\/2023\/09\/WhatsApp-Image-2023-09-28-at-16.45.38-1-150x150.jpeg\" class=\"attachment-thumbnail size-thumbnail\" alt=\"\" \/><\/a>\n\t\t\t<\/dt><\/dl><dl class='gallery-item'>\n\t\t\t<dt class='gallery-icon landscape'>\n\t\t\t\t<a href='https:\/\/www.sudoestehoje.com.br\/novoportal\/2023\/09\/28\/itapetinga-coopardo-comemora-60-anos-de-fundacao-com-cafe-da-manha-entre-cooperados-colaboradores-diretoria-e-convidados\/whatsapp-image-2023-09-28-at-16-53-09-1\/'><img loading=\"lazy\" decoding=\"async\" width=\"150\" height=\"150\" src=\"https:\/\/www.sudoestehoje.com.br\/novoportal\/wp-content\/uploads\/2023\/09\/WhatsApp-Image-2023-09-28-at-16.53.09-1-150x150.jpeg\" class=\"attachment-thumbnail size-thumbnail\" alt=\"\" \/><\/a>\n\t\t\t<\/dt><\/dl><br style=\"clear: both\" \/><dl class='gallery-item'>\n\t\t\t<dt class='gallery-icon landscape'>\n\t\t\t\t<a href='https:\/\/www.sudoestehoje.com.br\/novoportal\/2023\/09\/28\/itapetinga-coopardo-comemora-60-anos-de-fundacao-com-cafe-da-manha-entre-cooperados-colaboradores-diretoria-e-convidados\/whatsapp-image-2023-09-28-at-16-53-09\/'><img loading=\"lazy\" decoding=\"async\" width=\"150\" height=\"150\" src=\"https:\/\/www.sudoestehoje.com.br\/novoportal\/wp-content\/uploads\/2023\/09\/WhatsApp-Image-2023-09-28-at-16.53.09-150x150.jpeg\" class=\"attachment-thumbnail size-thumbnail\" alt=\"\" \/><\/a>\n\t\t\t<\/dt><\/dl><dl class='gallery-item'>\n\t\t\t<dt class='gallery-icon landscape'>\n\t\t\t\t<a href='https:\/\/www.sudoestehoje.com.br\/novoportal\/2023\/09\/28\/itapetinga-coopardo-comemora-60-anos-de-fundacao-com-cafe-da-manha-entre-cooperados-colaboradores-diretoria-e-convidados\/whatsapp-image-2023-09-28-at-16-53-10-2\/'><img loading=\"lazy\" decoding=\"async\" width=\"150\" height=\"150\" src=\"https:\/\/www.sudoestehoje.com.br\/novoportal\/wp-content\/uploads\/2023\/09\/WhatsApp-Image-2023-09-28-at-16.53.10-2-150x150.jpeg\" class=\"attachment-thumbnail size-thumbnail\" alt=\"\" \/><\/a>\n\t\t\t<\/dt><\/dl><dl class='gallery-item'>\n\t\t\t<dt class='gallery-icon landscape'>\n\t\t\t\t<a href='https:\/\/www.sudoestehoje.com.br\/novoportal\/2023\/09\/28\/itapetinga-coopardo-comemora-60-anos-de-fundacao-com-cafe-da-manha-entre-cooperados-colaboradores-diretoria-e-convidados\/whatsapp-image-2023-09-28-at-16-53-10\/'><img loading=\"lazy\" decoding=\"async\" width=\"150\" height=\"150\" src=\"https:\/\/www.sudoestehoje.com.br\/novoportal\/wp-content\/uploads\/2023\/09\/WhatsApp-Image-2023-09-28-at-16.53.10-150x150.jpeg\" class=\"attachment-thumbnail size-thumbnail\" alt=\"\" \/><\/a>\n\t\t\t<\/dt><\/dl><br style=\"clear: both\" \/><dl class='gallery-item'>\n\t\t\t<dt class='gallery-icon landscape'>\n\t\t\t\t<a href='https:\/\/www.sudoestehoje.com.br\/novoportal\/2023\/09\/28\/itapetinga-coopardo-comemora-60-anos-de-fundacao-com-cafe-da-manha-entre-cooperados-colaboradores-diretoria-e-convidados\/whatsapp-image-2023-09-28-at-16-53-11-1\/'><img loading=\"lazy\" decoding=\"async\" width=\"150\" height=\"150\" src=\"https:\/\/www.sudoestehoje.com.br\/novoportal\/wp-content\/uploads\/2023\/09\/WhatsApp-Image-2023-09-28-at-16.53.11-1-150x150.jpeg\" class=\"attachment-thumbnail size-thumbnail\" alt=\"\" \/><\/a>\n\t\t\t<\/dt><\/dl><dl class='gallery-item'>\n\t\t\t<dt class='gallery-icon landscape'>\n\t\t\t\t<a href='https:\/\/www.sudoestehoje.com.br\/novoportal\/2023\/09\/28\/itapetinga-coopardo-comemora-60-anos-de-fundacao-com-cafe-da-manha-entre-cooperados-colaboradores-diretoria-e-convidados\/whatsapp-image-2023-09-28-at-16-53-11-2-2\/'><img loading=\"lazy\" decoding=\"async\" width=\"150\" height=\"150\" src=\"https:\/\/www.sudoestehoje.com.br\/novoportal\/wp-content\/uploads\/2023\/09\/WhatsApp-Image-2023-09-28-at-16.53.11-2-1-150x150.jpeg\" class=\"attachment-thumbnail size-thumbnail\" alt=\"\" \/><\/a>\n\t\t\t<\/dt><\/dl><dl class='gallery-item'>\n\t\t\t<dt class='gallery-icon landscape'>\n\t\t\t\t<a href='https:\/\/www.sudoestehoje.com.br\/novoportal\/2023\/09\/28\/itapetinga-coopardo-comemora-60-anos-de-fundacao-com-cafe-da-manha-entre-cooperados-colaboradores-diretoria-e-convidados\/whatsapp-image-2023-09-28-at-16-53-12-1\/'><img loading=\"lazy\" decoding=\"async\" width=\"150\" height=\"150\" src=\"https:\/\/www.sudoestehoje.com.br\/novoportal\/wp-content\/uploads\/2023\/09\/WhatsApp-Image-2023-09-28-at-16.53.12-1-150x150.jpeg\" class=\"attachment-thumbnail size-thumbnail\" alt=\"\" \/><\/a>\n\t\t\t<\/dt><\/dl><br style=\"clear: both\" \/><dl class='gallery-item'>\n\t\t\t<dt class='gallery-icon landscape'>\n\t\t\t\t<a href='https:\/\/www.sudoestehoje.com.br\/novoportal\/2023\/09\/28\/itapetinga-coopardo-comemora-60-anos-de-fundacao-com-cafe-da-manha-entre-cooperados-colaboradores-diretoria-e-convidados\/whatsapp-image-2023-09-28-at-16-53-12\/'><img loading=\"lazy\" decoding=\"async\" width=\"150\" height=\"150\" src=\"https:\/\/www.sudoestehoje.com.br\/novoportal\/wp-content\/uploads\/2023\/09\/WhatsApp-Image-2023-09-28-at-16.53.12-150x150.jpeg\" class=\"attachment-thumbnail size-thumbnail\" alt=\"\" \/><\/a>\n\t\t\t<\/dt><\/dl><dl class='gallery-item'>\n\t\t\t<dt class='gallery-icon landscape'>\n\t\t\t\t<a href='https:\/\/www.sudoestehoje.com.br\/novoportal\/2023\/09\/28\/itapetinga-coopardo-comemora-60-anos-de-fundacao-com-cafe-da-manha-entre-cooperados-colaboradores-diretoria-e-convidados\/whatsapp-image-2023-09-28-at-16-53-15-1\/'><img loading=\"lazy\" decoding=\"async\" width=\"150\" height=\"150\" src=\"https:\/\/www.sudoestehoje.com.br\/novoportal\/wp-content\/uploads\/2023\/09\/WhatsApp-Image-2023-09-28-at-16.53.15-1-150x150.jpeg\" class=\"attachment-thumbnail size-thumbnail\" alt=\"\" \/><\/a>\n\t\t\t<\/dt><\/dl><dl class='gallery-item'>\n\t\t\t<dt class='gallery-icon landscape'>\n\t\t\t\t<a href='https:\/\/www.sudoestehoje.com.br\/novoportal\/2023\/09\/28\/itapetinga-coopardo-comemora-60-anos-de-fundacao-com-cafe-da-manha-entre-cooperados-colaboradores-diretoria-e-convidados\/whatsapp-image-2023-09-28-at-16-53-16-1\/'><img loading=\"lazy\" decoding=\"async\" width=\"150\" height=\"150\" src=\"https:\/\/www.sudoestehoje.com.br\/novoportal\/wp-content\/uploads\/2023\/09\/WhatsApp-Image-2023-09-28-at-16.53.16-1-150x150.jpeg\" class=\"attachment-thumbnail size-thumbnail\" alt=\"\" \/><\/a>\n\t\t\t<\/dt><\/dl><br style=\"clear: both\" \/><dl class='gallery-item'>\n\t\t\t<dt class='gallery-icon landscape'>\n\t\t\t\t<a href='https:\/\/www.sudoestehoje.com.br\/novoportal\/2023\/09\/28\/itapetinga-coopardo-comemora-60-anos-de-fundacao-com-cafe-da-manha-entre-cooperados-colaboradores-diretoria-e-convidados\/whatsapp-image-2023-09-28-at-16-53-18-1\/'><img loading=\"lazy\" decoding=\"async\" width=\"150\" height=\"150\" src=\"https:\/\/www.sudoestehoje.com.br\/novoportal\/wp-content\/uploads\/2023\/09\/WhatsApp-Image-2023-09-28-at-16.53.18-1-150x150.jpeg\" class=\"attachment-thumbnail size-thumbnail\" alt=\"\" \/><\/a>\n\t\t\t<\/dt><\/dl><dl class='gallery-item'>\n\t\t\t<dt class='gallery-icon landscape'>\n\t\t\t\t<a href='https:\/\/www.sudoestehoje.com.br\/novoportal\/2023\/09\/28\/itapetinga-coopardo-comemora-60-anos-de-fundacao-com-cafe-da-manha-entre-cooperados-colaboradores-diretoria-e-convidados\/whatsapp-image-2023-09-28-at-16-53-18\/'><img loading=\"lazy\" decoding=\"async\" width=\"150\" height=\"150\" src=\"https:\/\/www.sudoestehoje.com.br\/novoportal\/wp-content\/uploads\/2023\/09\/WhatsApp-Image-2023-09-28-at-16.53.18-150x150.jpeg\" class=\"attachment-thumbnail size-thumbnail\" alt=\"\" \/><\/a>\n\t\t\t<\/dt><\/dl><dl class='gallery-item'>\n\t\t\t<dt class='gallery-icon landscape'>\n\t\t\t\t<a href='https:\/\/www.sudoestehoje.com.br\/novoportal\/2023\/09\/28\/itapetinga-coopardo-comemora-60-anos-de-fundacao-com-cafe-da-manha-entre-cooperados-colaboradores-diretoria-e-convidados\/whatsapp-image-2023-09-28-at-16-53-24\/'><img loading=\"lazy\" decoding=\"async\" width=\"150\" height=\"150\" src=\"https:\/\/www.sudoestehoje.com.br\/novoportal\/wp-content\/uploads\/2023\/09\/WhatsApp-Image-2023-09-28-at-16.53.24-150x150.jpeg\" class=\"attachment-thumbnail size-thumbnail\" alt=\"\" \/><\/a>\n\t\t\t<\/dt><\/dl><br style=\"clear: both\" \/><dl class='gallery-item'>\n\t\t\t<dt class='gallery-icon landscape'>\n\t\t\t\t<a href='https:\/\/www.sudoestehoje.com.br\/novoportal\/2023\/09\/28\/itapetinga-coopardo-comemora-60-anos-de-fundacao-com-cafe-da-manha-entre-cooperados-colaboradores-diretoria-e-convidados\/whatsapp-image-2023-09-28-at-16-53-25-1\/'><img loading=\"lazy\" decoding=\"async\" width=\"150\" height=\"150\" src=\"https:\/\/www.sudoestehoje.com.br\/novoportal\/wp-content\/uploads\/2023\/09\/WhatsApp-Image-2023-09-28-at-16.53.25-1-150x150.jpeg\" class=\"attachment-thumbnail size-thumbnail\" alt=\"\" \/><\/a>\n\t\t\t<\/dt><\/dl><dl class='gallery-item'>\n\t\t\t<dt class='gallery-icon landscape'>\n\t\t\t\t<a href='https:\/\/www.sudoestehoje.com.br\/novoportal\/2023\/09\/28\/itapetinga-coopardo-comemora-60-anos-de-fundacao-com-cafe-da-manha-entre-cooperados-colaboradores-diretoria-e-convidados\/whatsapp-image-2023-09-28-at-16-53-25\/'><img loading=\"lazy\" decoding=\"async\" width=\"150\" height=\"150\" src=\"https:\/\/www.sudoestehoje.com.br\/novoportal\/wp-content\/uploads\/2023\/09\/WhatsApp-Image-2023-09-28-at-16.53.25-150x150.jpeg\" class=\"attachment-thumbnail size-thumbnail\" alt=\"\" \/><\/a>\n\t\t\t<\/dt><\/dl><dl class='gallery-item'>\n\t\t\t<dt class='gallery-icon landscape'>\n\t\t\t\t<a href='https:\/\/www.sudoestehoje.com.br\/novoportal\/2023\/09\/28\/itapetinga-coopardo-comemora-60-anos-de-fundacao-com-cafe-da-manha-entre-cooperados-colaboradores-diretoria-e-convidados\/whatsapp-image-2023-09-28-at-16-53-26-2\/'><img loading=\"lazy\" decoding=\"async\" width=\"150\" height=\"150\" src=\"https:\/\/www.sudoestehoje.com.br\/novoportal\/wp-content\/uploads\/2023\/09\/WhatsApp-Image-2023-09-28-at-16.53.26-1-150x150.jpeg\" class=\"attachment-thumbnail size-thumbnail\" alt=\"\" \/><\/a>\n\t\t\t<\/dt><\/dl><br style=\"clear: both\" \/>\n\t\t<\/div>\n\n<p><strong>PARAB\u00c9NS, COOPARDO !<\/strong><\/p>\n<p><strong>Por Davi Ferraz\u00a0<\/strong><\/p>\n","protected":false},"excerpt":{"rendered":"<p>Nesta quinta-feira (28), a Cooperativa Mista do M\u00e9dio Rio Pardo &#8211; Coopardo comemorou os seus 60 anos de funda\u00e7\u00e3o, ofertando aos seus associados um belo encontro com caf\u00e9 da manh\u00e3, em sua sede localizada na Av. Isai Amorim, em Itapetinga e tamb\u00e9m nas suas 6 filiais na regi\u00e3o. O encontro foi marcado pela presen\u00e7a de [&hellip;]<\/p>\n","protected":false},"author":2,"featured_media":113055,"comment_status":"closed","ping_status":"open","sticky":false,"template":"","format":"standard","meta":{"footnotes":"","_links_to":"","_links_to_target":""},"categories":[1],"tags":[],"class_list":["post-113052","post","type-post","status-publish","format-standard","has-post-thumbnail","hentry","category-geral"],"views":852,"_links":{"self":[{"href":"https:\/\/www.sudoestehoje.com.br\/novoportal\/wp-json\/wp\/v2\/posts\/113052","targetHints":{"allow":["GET"]}}],"collection":[{"href":"https:\/\/www.sudoestehoje.com.br\/novoportal\/wp-json\/wp\/v2\/posts"}],"about":[{"href":"https:\/\/www.sudoestehoje.com.br\/novoportal\/wp-json\/wp\/v2\/types\/post"}],"author":[{"embeddable":true,"href":"https:\/\/www.sudoestehoje.com.br\/novoportal\/wp-json\/wp\/v2\/users\/2"}],"replies":[{"embeddable":true,"href":"https:\/\/www.sudoestehoje.com.br\/novoportal\/wp-json\/wp\/v2\/comments?post=113052"}],"version-history":[{"count":6,"href":"https:\/\/www.sudoestehoje.com.br\/novoportal\/wp-json\/wp\/v2\/posts\/113052\/revisions"}],"predecessor-version":[{"id":113059,"href":"https:\/\/www.sudoestehoje.com.br\/novoportal\/wp-json\/wp\/v2\/posts\/113052\/revisions\/113059"}],"wp:featuredmedia":[{"embeddable":true,"href":"https:\/\/www.sudoestehoje.com.br\/novoportal\/wp-json\/wp\/v2\/media\/113055"}],"wp:attachment":[{"href":"https:\/\/www.sudoestehoje.com.br\/novoportal\/wp-json\/wp\/v2\/media?parent=113052"}],"wp:term":[{"taxonomy":"category","embeddable":true,"href":"https:\/\/www.sudoestehoje.com.br\/novoportal\/wp-json\/wp\/v2\/categories?post=113052"},{"taxonomy":"post_tag","embeddable":true,"href":"https:\/\/www.sudoestehoje.com.br\/novoportal\/wp-json\/wp\/v2\/tags?post=113052"}],"curies":[{"name":"wp","href":"https:\/\/api.w.org\/{rel}","templated":true}]}}