
{"id":113007,"date":"2023-09-27T20:18:18","date_gmt":"2023-09-27T23:18:18","guid":{"rendered":"https:\/\/www.sudoestehoje.com.br\/novoportal\/?p=113007"},"modified":"2023-09-27T20:18:18","modified_gmt":"2023-09-27T23:18:18","slug":"senado-aprova-texto-basico-do-marco-temporal-por-43-votos-a-favor-e-21-contra","status":"publish","type":"post","link":"https:\/\/www.sudoestehoje.com.br\/novoportal\/2023\/09\/27\/senado-aprova-texto-basico-do-marco-temporal-por-43-votos-a-favor-e-21-contra\/","title":{"rendered":"SENADO APROVA TEXTO B\u00c1SICO DO &#8216;MARCO TEMPORAL&#8217; POR 43 VOTOS A FAVOR E 21 CONTRA"},"content":{"rendered":"<p><img loading=\"lazy\" decoding=\"async\" class=\"alignnone  wp-image-113009\" src=\"https:\/\/www.sudoestehoje.com.br\/novoportal\/wp-content\/uploads\/2023\/09\/1_53218646954_6a99a0038a_c-29773164-600x400.jpg\" alt=\"\" width=\"550\" height=\"366\" srcset=\"https:\/\/www.sudoestehoje.com.br\/novoportal\/wp-content\/uploads\/2023\/09\/1_53218646954_6a99a0038a_c-29773164-600x400.jpg 600w, https:\/\/www.sudoestehoje.com.br\/novoportal\/wp-content\/uploads\/2023\/09\/1_53218646954_6a99a0038a_c-29773164.jpg 675w\" sizes=\"auto, (max-width: 550px) 100vw, 550px\" \/><\/p>\n<p><strong>O Senado aprovou o projeto de lei que prev\u00ea o marco temporal das terras ind\u00edgenas. Foram 43 votos a favor e 21 contr\u00e1rios. O qu\u00f3rum foi de 65 parlamentares. <\/strong><\/p>\n<p><strong>Com o texto-base aprovado, os parlamentares discutem agora pontos espec\u00edficos do texto, que \u00e9 defendido por ruralistas.<\/strong><\/p>\n","protected":false},"excerpt":{"rendered":"<p>O Senado aprovou o projeto de lei que prev\u00ea o marco temporal das terras ind\u00edgenas. Foram 43 votos a favor e 21 contr\u00e1rios. O qu\u00f3rum foi de 65 parlamentares. Com o texto-base aprovado, os parlamentares discutem agora pontos espec\u00edficos do texto, que \u00e9 defendido por ruralistas.<\/p>\n","protected":false},"author":2,"featured_media":113009,"comment_status":"closed","ping_status":"open","sticky":false,"template":"","format":"standard","meta":{"footnotes":"","_links_to":"","_links_to_target":""},"categories":[1],"tags":[],"class_list":["post-113007","post","type-post","status-publish","format-standard","has-post-thumbnail","hentry","category-geral"],"views":635,"_links":{"self":[{"href":"https:\/\/www.sudoestehoje.com.br\/novoportal\/wp-json\/wp\/v2\/posts\/113007","targetHints":{"allow":["GET"]}}],"collection":[{"href":"https:\/\/www.sudoestehoje.com.br\/novoportal\/wp-json\/wp\/v2\/posts"}],"about":[{"href":"https:\/\/www.sudoestehoje.com.br\/novoportal\/wp-json\/wp\/v2\/types\/post"}],"author":[{"embeddable":true,"href":"https:\/\/www.sudoestehoje.com.br\/novoportal\/wp-json\/wp\/v2\/users\/2"}],"replies":[{"embeddable":true,"href":"https:\/\/www.sudoestehoje.com.br\/novoportal\/wp-json\/wp\/v2\/comments?post=113007"}],"version-history":[{"count":4,"href":"https:\/\/www.sudoestehoje.com.br\/novoportal\/wp-json\/wp\/v2\/posts\/113007\/revisions"}],"predecessor-version":[{"id":113012,"href":"https:\/\/www.sudoestehoje.com.br\/novoportal\/wp-json\/wp\/v2\/posts\/113007\/revisions\/113012"}],"wp:featuredmedia":[{"embeddable":true,"href":"https:\/\/www.sudoestehoje.com.br\/novoportal\/wp-json\/wp\/v2\/media\/113009"}],"wp:attachment":[{"href":"https:\/\/www.sudoestehoje.com.br\/novoportal\/wp-json\/wp\/v2\/media?parent=113007"}],"wp:term":[{"taxonomy":"category","embeddable":true,"href":"https:\/\/www.sudoestehoje.com.br\/novoportal\/wp-json\/wp\/v2\/categories?post=113007"},{"taxonomy":"post_tag","embeddable":true,"href":"https:\/\/www.sudoestehoje.com.br\/novoportal\/wp-json\/wp\/v2\/tags?post=113007"}],"curies":[{"name":"wp","href":"https:\/\/api.w.org\/{rel}","templated":true}]}}