
{"id":1130,"date":"2010-10-11T13:48:01","date_gmt":"2010-10-11T16:48:01","guid":{"rendered":"http:\/\/sudoestehoje.tempsite.ws\/novoportal\/?p=1130"},"modified":"2010-10-11T13:48:01","modified_gmt":"2010-10-11T16:48:01","slug":"para-serra-dilma-mostrou-sua-verdadeira-face-durante-debate-na-band","status":"publish","type":"post","link":"https:\/\/www.sudoestehoje.com.br\/novoportal\/2010\/10\/11\/para-serra-dilma-mostrou-sua-verdadeira-face-durante-debate-na-band\/","title":{"rendered":"Para Serra, Dilma mostrou sua verdadeira face durante debate na Band"},"content":{"rendered":"<p style=\"text-align: center;\"><strong><img decoding=\"async\" src=\"http:\/\/im.r7.com\/outros\/files\/2C92\/94A4\/2B8A\/3C38\/012B\/9951\/D59A\/5210\/DEBATE-BAND.jpg\" alt=\"\" \/><\/strong><\/p>\n<p style=\"text-align: center;\"><strong>Dilma trocou o estilo &#8216;paz e amor&#8217; de Lula, pelo estilo agressivo de Ciro Gomes<\/strong><\/p>\n<p>&#8220;<em>Dilma Rousseff (PT) foi mais Dilma Rousseff hoje<\/em>\u201d, afirmou Jos\u00e9 Serra (PSDB), em refer\u00eancia \u00e0 agressividade da advers\u00e1ria durante o primeiro debate entre os presidenci\u00e1veis que disputam o segundo turno, promovido pela Rede Bandeirantes na noite deste domingo (10). O candidato do PSDB afirmou ainda que Dilma foi ao debate com discurso \u201cpr\u00e9-formulado\u201d para depois usar em seu hor\u00e1rio eleitoral. \u201cDilma levantou muitos dados inver\u00eddicos\u201d, acusou. Segundo o presidente do PSDB, senador S\u00e9rgio Guerra, o comportamento de Dilma \u00e9 fruto da primeira orienta\u00e7\u00e3o de Ciro Gomes (PSB), ex-governador do Cear\u00e1, nesta fase da campanha. Portal Terra<\/p>\n","protected":false},"excerpt":{"rendered":"<p>Dilma trocou o estilo &#8216;paz e amor&#8217; de Lula, pelo estilo agressivo de Ciro Gomes &#8220;Dilma Rousseff (PT) foi mais Dilma Rousseff hoje\u201d, afirmou Jos\u00e9 Serra (PSDB), em refer\u00eancia \u00e0 agressividade da advers\u00e1ria durante o primeiro debate entre os presidenci\u00e1veis que disputam o segundo turno, promovido pela Rede Bandeirantes na noite deste domingo (10). O [&hellip;]<\/p>\n","protected":false},"author":2,"featured_media":0,"comment_status":"open","ping_status":"open","sticky":false,"template":"","format":"standard","meta":{"footnotes":"","_links_to":"","_links_to_target":""},"categories":[1],"tags":[],"class_list":["post-1130","post","type-post","status-publish","format-standard","hentry","category-geral"],"views":1028,"_links":{"self":[{"href":"https:\/\/www.sudoestehoje.com.br\/novoportal\/wp-json\/wp\/v2\/posts\/1130","targetHints":{"allow":["GET"]}}],"collection":[{"href":"https:\/\/www.sudoestehoje.com.br\/novoportal\/wp-json\/wp\/v2\/posts"}],"about":[{"href":"https:\/\/www.sudoestehoje.com.br\/novoportal\/wp-json\/wp\/v2\/types\/post"}],"author":[{"embeddable":true,"href":"https:\/\/www.sudoestehoje.com.br\/novoportal\/wp-json\/wp\/v2\/users\/2"}],"replies":[{"embeddable":true,"href":"https:\/\/www.sudoestehoje.com.br\/novoportal\/wp-json\/wp\/v2\/comments?post=1130"}],"version-history":[{"count":3,"href":"https:\/\/www.sudoestehoje.com.br\/novoportal\/wp-json\/wp\/v2\/posts\/1130\/revisions"}],"predecessor-version":[{"id":1133,"href":"https:\/\/www.sudoestehoje.com.br\/novoportal\/wp-json\/wp\/v2\/posts\/1130\/revisions\/1133"}],"wp:attachment":[{"href":"https:\/\/www.sudoestehoje.com.br\/novoportal\/wp-json\/wp\/v2\/media?parent=1130"}],"wp:term":[{"taxonomy":"category","embeddable":true,"href":"https:\/\/www.sudoestehoje.com.br\/novoportal\/wp-json\/wp\/v2\/categories?post=1130"},{"taxonomy":"post_tag","embeddable":true,"href":"https:\/\/www.sudoestehoje.com.br\/novoportal\/wp-json\/wp\/v2\/tags?post=1130"}],"curies":[{"name":"wp","href":"https:\/\/api.w.org\/{rel}","templated":true}]}}