
{"id":112996,"date":"2023-09-27T18:28:15","date_gmt":"2023-09-27T21:28:15","guid":{"rendered":"https:\/\/www.sudoestehoje.com.br\/novoportal\/?p=112996"},"modified":"2023-09-27T18:43:45","modified_gmt":"2023-09-27T21:43:45","slug":"apos-acerto-com-ridrigo-governador-anuncia-inauguracoes-em-itapetinga-no-proximo-domingo","status":"publish","type":"post","link":"https:\/\/www.sudoestehoje.com.br\/novoportal\/2023\/09\/27\/apos-acerto-com-ridrigo-governador-anuncia-inauguracoes-em-itapetinga-no-proximo-domingo\/","title":{"rendered":"AP\u00d3S ACERTO COM RODRIGO, GOVERNADOR ANUNCIA INAUGURA\u00c7\u00d5ES EM ITAPETINGA NO PR\u00d3XIMO DOMINGO"},"content":{"rendered":"<p><img loading=\"lazy\" decoding=\"async\" class=\"alignnone wp-image-112999\" src=\"https:\/\/www.sudoestehoje.com.br\/novoportal\/wp-content\/uploads\/2023\/09\/d5e10b5c-8ba2-4298-a697-b7ce728e2a0f-600x394.jpg\" alt=\"\" width=\"551\" height=\"362\" srcset=\"https:\/\/www.sudoestehoje.com.br\/novoportal\/wp-content\/uploads\/2023\/09\/d5e10b5c-8ba2-4298-a697-b7ce728e2a0f-600x394.jpg 600w, https:\/\/www.sudoestehoje.com.br\/novoportal\/wp-content\/uploads\/2023\/09\/d5e10b5c-8ba2-4298-a697-b7ce728e2a0f-700x460.jpg 700w, https:\/\/www.sudoestehoje.com.br\/novoportal\/wp-content\/uploads\/2023\/09\/d5e10b5c-8ba2-4298-a697-b7ce728e2a0f-768x504.jpg 768w, https:\/\/www.sudoestehoje.com.br\/novoportal\/wp-content\/uploads\/2023\/09\/d5e10b5c-8ba2-4298-a697-b7ce728e2a0f.jpg 1078w\" sizes=\"auto, (max-width: 551px) 100vw, 551px\" \/><\/p>\n<p><strong>Na esteira da boa rela\u00e7\u00e3o que vigora, atualmente, entre o Governo do Estado e o prefeito Rodrigo Hagge (MDB), foi confirmada no final da tarde desta quarta-feira (27), a visita do governador Jer\u00f4nimo Rodrigues e sua comitiva ao munic\u00edpio de Itapetinga, para inaugura\u00e7\u00e3o de obras, o que dever\u00e1 acontecer, finalmente, no pr\u00f3ximo domingo, 1\u00ba de outubro.<\/strong><\/p>\n<p><strong>Na pauta do governo, est\u00e3o as inaugura\u00e7\u00f5es da reforma do Aer\u00f3dromo municipal, Complexo Poliesportivo e trecho da BA-130 entre Itapetinga e Mangerona, rec\u00e9m recuperado. Confira agenda divulgada pela Serin:<\/strong><\/p>\n<p><strong>&#x1f6a8; INFORME DE AGENDA DO EXMO. SR. GOVERNADOR JER\u00d4NIMO RODRIGUES \u2013 01 DE OUTUBRO.<\/strong><\/p>\n<p><strong>&#x1f5d3; ITAPETINGA \u2013 01\/10 (DOMINGO) \u2013 10H<\/strong><\/p>\n<p><strong>&#x1f516; Atos<\/strong><\/p>\n<p><strong>&#8211; Entrega Recupera\u00e7\u00e3o do Aer\u00f3dromo de Itapetinga<\/strong><br \/>\n<strong>&#8211; Inaugura Complexo Poliesportivo Educacional de Itapetinga<\/strong><br \/>\n<strong>&#8211; D\u00e1 por entregue pavimenta\u00e7\u00e3o em CBUQ na Rodovia BA 130, Trecho: Itapetinga \u2013 Entroncamento BA.270 &#8211; Mangerona\/Macarani<\/strong><\/p>\n<p><strong>&#x1f58b; PODEMOS CONFIRMAR SUA PRESEN\u00c7A?<\/strong><\/p>\n<p><strong>Atenciosamente,<\/strong><br \/>\n<strong>COAL (Coordena\u00e7\u00e3o de Assuntos Legislativos) \u2013 SERIN<\/strong><\/p>\n<p><strong><em>Por Davi Ferraz<\/em><\/strong><\/p>\n","protected":false},"excerpt":{"rendered":"<p>Na esteira da boa rela\u00e7\u00e3o que vigora, atualmente, entre o Governo do Estado e o prefeito Rodrigo Hagge (MDB), foi confirmada no final da tarde desta quarta-feira (27), a visita do governador Jer\u00f4nimo Rodrigues e sua comitiva ao munic\u00edpio de Itapetinga, para inaugura\u00e7\u00e3o de obras, o que dever\u00e1 acontecer, finalmente, no pr\u00f3ximo domingo, 1\u00ba de [&hellip;]<\/p>\n","protected":false},"author":2,"featured_media":112999,"comment_status":"closed","ping_status":"open","sticky":false,"template":"","format":"standard","meta":{"footnotes":"","_links_to":"","_links_to_target":""},"categories":[1],"tags":[],"class_list":["post-112996","post","type-post","status-publish","format-standard","has-post-thumbnail","hentry","category-geral"],"views":874,"_links":{"self":[{"href":"https:\/\/www.sudoestehoje.com.br\/novoportal\/wp-json\/wp\/v2\/posts\/112996","targetHints":{"allow":["GET"]}}],"collection":[{"href":"https:\/\/www.sudoestehoje.com.br\/novoportal\/wp-json\/wp\/v2\/posts"}],"about":[{"href":"https:\/\/www.sudoestehoje.com.br\/novoportal\/wp-json\/wp\/v2\/types\/post"}],"author":[{"embeddable":true,"href":"https:\/\/www.sudoestehoje.com.br\/novoportal\/wp-json\/wp\/v2\/users\/2"}],"replies":[{"embeddable":true,"href":"https:\/\/www.sudoestehoje.com.br\/novoportal\/wp-json\/wp\/v2\/comments?post=112996"}],"version-history":[{"count":8,"href":"https:\/\/www.sudoestehoje.com.br\/novoportal\/wp-json\/wp\/v2\/posts\/112996\/revisions"}],"predecessor-version":[{"id":113006,"href":"https:\/\/www.sudoestehoje.com.br\/novoportal\/wp-json\/wp\/v2\/posts\/112996\/revisions\/113006"}],"wp:featuredmedia":[{"embeddable":true,"href":"https:\/\/www.sudoestehoje.com.br\/novoportal\/wp-json\/wp\/v2\/media\/112999"}],"wp:attachment":[{"href":"https:\/\/www.sudoestehoje.com.br\/novoportal\/wp-json\/wp\/v2\/media?parent=112996"}],"wp:term":[{"taxonomy":"category","embeddable":true,"href":"https:\/\/www.sudoestehoje.com.br\/novoportal\/wp-json\/wp\/v2\/categories?post=112996"},{"taxonomy":"post_tag","embeddable":true,"href":"https:\/\/www.sudoestehoje.com.br\/novoportal\/wp-json\/wp\/v2\/tags?post=112996"}],"curies":[{"name":"wp","href":"https:\/\/api.w.org\/{rel}","templated":true}]}}