
{"id":112991,"date":"2023-09-27T16:36:19","date_gmt":"2023-09-27T19:36:19","guid":{"rendered":"https:\/\/www.sudoestehoje.com.br\/novoportal\/?p=112991"},"modified":"2023-09-27T16:36:19","modified_gmt":"2023-09-27T19:36:19","slug":"surpresa-rodrigo-nomeia-luciano-almeida-como-novo-secretario-de-educacao-fabio-viana-retorna-para-o-meio-ambiente","status":"publish","type":"post","link":"https:\/\/www.sudoestehoje.com.br\/novoportal\/2023\/09\/27\/surpresa-rodrigo-nomeia-luciano-almeida-como-novo-secretario-de-educacao-fabio-viana-retorna-para-o-meio-ambiente\/","title":{"rendered":"SURPRESA! RODRIGO NOMEIA LUCIANO ALMEIDA COMO NOVO SECRET\u00c1RIO DE EDUCA\u00c7\u00c3O; F\u00c1BIO VIANA RETORNA PARA O MEIO AMBIENTE"},"content":{"rendered":"<p><img loading=\"lazy\" decoding=\"async\" class=\"alignnone  wp-image-112993\" src=\"https:\/\/www.sudoestehoje.com.br\/novoportal\/wp-content\/uploads\/2023\/09\/WhatsApp-Image-2023-09-27-at-12.16.52-e1695829846279-990x934-1-600x358.jpeg\" alt=\"\" width=\"551\" height=\"329\" srcset=\"https:\/\/www.sudoestehoje.com.br\/novoportal\/wp-content\/uploads\/2023\/09\/WhatsApp-Image-2023-09-27-at-12.16.52-e1695829846279-990x934-1-600x358.jpeg 600w, https:\/\/www.sudoestehoje.com.br\/novoportal\/wp-content\/uploads\/2023\/09\/WhatsApp-Image-2023-09-27-at-12.16.52-e1695829846279-990x934-1-700x418.jpeg 700w, https:\/\/www.sudoestehoje.com.br\/novoportal\/wp-content\/uploads\/2023\/09\/WhatsApp-Image-2023-09-27-at-12.16.52-e1695829846279-990x934-1-768x458.jpeg 768w, https:\/\/www.sudoestehoje.com.br\/novoportal\/wp-content\/uploads\/2023\/09\/WhatsApp-Image-2023-09-27-at-12.16.52-e1695829846279-990x934-1.jpeg 848w\" sizes=\"auto, (max-width: 551px) 100vw, 551px\" \/><\/p>\n<p><strong>O prefeito Rodrigo Hagge segue buscando oxigenar os setores e trazer melhorias para o servi\u00e7o p\u00fablico. Por isso, nesta quarta-feira, 27, mais mudan\u00e7as foram oficializadas em seu primeiro escal\u00e3o. Desta vez, o ent\u00e3o secret\u00e1rio de Educa\u00e7\u00e3o, Cultura, Ci\u00eancia e Tecnologia, F\u00e1bio Viana, volta a assumir a pasta de Meio Ambiente, \u201csecretaria na qual mostrou todo o seu potencial administrativo e inovador\u201d, como explicou o prefeito. Por sua vez, o ent\u00e3o secret\u00e1rio de Meio Ambiente, Luciano Almeida, assume a Educa\u00e7\u00e3o municipal.<\/strong><\/p>\n<p><strong>Ambos com experi\u00eancia nos mais diferentes setores administrativos, prometem trazer um novo olhar para as \u00e1rea que agora assumem. O objetivo \u00e9 trazer um jeito diferente de trabalhar para conseguir novos e maiores resultados.<\/strong><\/p>\n<p><strong>De acordo com o prefeito Rodrigo Hagge, n\u00e3o h\u00e1 d\u00favidas do potencial, da seriedade e da versatilidade dos dois secret\u00e1rios. F\u00e1bio e Luciano j\u00e1 foram testados nas mais diferentes frentes de atua\u00e7\u00e3o.<em> \u201cLuciano j\u00e1 esteve conosco na secretaria de Transporte, elegeu-se vereador e licenciou-se para assumir a secretaria de Meio Ambiente. Em todas as \u00e1reas, demonstrou lideran\u00e7a, respeito no trato com as coisas p\u00fablicas e muita compet\u00eancia. F\u00e1bio \u00e9 o que chamamos de pe\u00e7a-chave. Atuou em \u00e1reas estrat\u00e9gicas da educa\u00e7\u00e3o, foi para o Meio Ambiente, onde desempenhou um trabalho brilhante e inaugurou uma nova era no que diz respeito a educa\u00e7\u00e3o ambiental em Itapetinga, assumiu a secretaria de Educa\u00e7\u00e3o e alcan\u00e7ou conquistas indiscut\u00edveis. Al\u00e9m disso, esteve presente, direta ou indiretamente, em todos os grandes momentos da nossa administra\u00e7\u00e3o\u201d<\/em>, exaltou Rodrigo.<\/strong><\/p>\n","protected":false},"excerpt":{"rendered":"<p>O prefeito Rodrigo Hagge segue buscando oxigenar os setores e trazer melhorias para o servi\u00e7o p\u00fablico. Por isso, nesta quarta-feira, 27, mais mudan\u00e7as foram oficializadas em seu primeiro escal\u00e3o. Desta vez, o ent\u00e3o secret\u00e1rio de Educa\u00e7\u00e3o, Cultura, Ci\u00eancia e Tecnologia, F\u00e1bio Viana, volta a assumir a pasta de Meio Ambiente, \u201csecretaria na qual mostrou todo [&hellip;]<\/p>\n","protected":false},"author":2,"featured_media":112993,"comment_status":"closed","ping_status":"open","sticky":false,"template":"","format":"standard","meta":{"footnotes":"","_links_to":"","_links_to_target":""},"categories":[1],"tags":[],"class_list":["post-112991","post","type-post","status-publish","format-standard","has-post-thumbnail","hentry","category-geral"],"views":949,"_links":{"self":[{"href":"https:\/\/www.sudoestehoje.com.br\/novoportal\/wp-json\/wp\/v2\/posts\/112991","targetHints":{"allow":["GET"]}}],"collection":[{"href":"https:\/\/www.sudoestehoje.com.br\/novoportal\/wp-json\/wp\/v2\/posts"}],"about":[{"href":"https:\/\/www.sudoestehoje.com.br\/novoportal\/wp-json\/wp\/v2\/types\/post"}],"author":[{"embeddable":true,"href":"https:\/\/www.sudoestehoje.com.br\/novoportal\/wp-json\/wp\/v2\/users\/2"}],"replies":[{"embeddable":true,"href":"https:\/\/www.sudoestehoje.com.br\/novoportal\/wp-json\/wp\/v2\/comments?post=112991"}],"version-history":[{"count":3,"href":"https:\/\/www.sudoestehoje.com.br\/novoportal\/wp-json\/wp\/v2\/posts\/112991\/revisions"}],"predecessor-version":[{"id":112995,"href":"https:\/\/www.sudoestehoje.com.br\/novoportal\/wp-json\/wp\/v2\/posts\/112991\/revisions\/112995"}],"wp:featuredmedia":[{"embeddable":true,"href":"https:\/\/www.sudoestehoje.com.br\/novoportal\/wp-json\/wp\/v2\/media\/112993"}],"wp:attachment":[{"href":"https:\/\/www.sudoestehoje.com.br\/novoportal\/wp-json\/wp\/v2\/media?parent=112991"}],"wp:term":[{"taxonomy":"category","embeddable":true,"href":"https:\/\/www.sudoestehoje.com.br\/novoportal\/wp-json\/wp\/v2\/categories?post=112991"},{"taxonomy":"post_tag","embeddable":true,"href":"https:\/\/www.sudoestehoje.com.br\/novoportal\/wp-json\/wp\/v2\/tags?post=112991"}],"curies":[{"name":"wp","href":"https:\/\/api.w.org\/{rel}","templated":true}]}}