
{"id":112986,"date":"2023-09-27T09:33:23","date_gmt":"2023-09-27T12:33:23","guid":{"rendered":"https:\/\/www.sudoestehoje.com.br\/novoportal\/?p=112986"},"modified":"2023-09-27T09:33:23","modified_gmt":"2023-09-27T12:33:23","slug":"prefeitura-baiana-suspende-aulas-por-conta-da-onda-de-calor-que-chegou-a-41c","status":"publish","type":"post","link":"https:\/\/www.sudoestehoje.com.br\/novoportal\/2023\/09\/27\/prefeitura-baiana-suspende-aulas-por-conta-da-onda-de-calor-que-chegou-a-41c\/","title":{"rendered":"PREFEITURA BAIANA SUSPENDE AULAS POR CONTA DA ONDA DE CALOR QUE CHEGOU A 41\u00b0C"},"content":{"rendered":"<p><img loading=\"lazy\" decoding=\"async\" class=\"alignnone  wp-image-112988\" src=\"https:\/\/www.sudoestehoje.com.br\/novoportal\/wp-content\/uploads\/2023\/09\/CARINHANHA-600x338.jpg\" alt=\"\" width=\"549\" height=\"309\" srcset=\"https:\/\/www.sudoestehoje.com.br\/novoportal\/wp-content\/uploads\/2023\/09\/CARINHANHA-600x338.jpg 600w, https:\/\/www.sudoestehoje.com.br\/novoportal\/wp-content\/uploads\/2023\/09\/CARINHANHA.jpg 700w\" sizes=\"auto, (max-width: 549px) 100vw, 549px\" \/><\/p>\n<p><strong>A prefeitura de Carinhanha, na regi\u00e3o do Velho Chico, Oeste baiano, decidiu suspender as aulas da rede municipal pelo aumento de temperatura na cidade. A medida, que passou a valer nesta ter\u00e7a-feira (26), vai at\u00e9 a pr\u00f3xima sexta-feira (29). <\/strong><\/p>\n<p><strong>Conforme o Instituto Nacional da Meteorologia (Inmet), nesta quarta-feira (27), a temperatura m\u00e1xima em Carinhanha chega a 41\u00ba. A regi\u00e3o Oeste<u>\u00a0<\/u>tem sido afetada pela onda de calor nos \u00faltimos dias.<\/strong><\/p>\n<p><strong>Segundo informa\u00e7\u00f5es, a decis\u00e3o foi tomada pela prefeita Francisca Alves Ribeiro (PT) e visa, segundo decreto, preservar a sa\u00fade e assegurar a qualidade do ensino. A prefeitura tamb\u00e9m ordenou que a secretaria municipal de Educa\u00e7\u00e3o planeje a reposi\u00e7\u00e3o das aulas, podendo ocorrer aos s\u00e1bados.<\/strong><\/p>\n<p><strong>A elei\u00e7\u00e3o para gestores escolares, que aconteceria na sexta, vai ser remarcada devido \u00e0 suspens\u00e3o das aulas.<\/strong><\/p>\n","protected":false},"excerpt":{"rendered":"<p>A prefeitura de Carinhanha, na regi\u00e3o do Velho Chico, Oeste baiano, decidiu suspender as aulas da rede municipal pelo aumento de temperatura na cidade. A medida, que passou a valer nesta ter\u00e7a-feira (26), vai at\u00e9 a pr\u00f3xima sexta-feira (29). Conforme o Instituto Nacional da Meteorologia (Inmet), nesta quarta-feira (27), a temperatura m\u00e1xima em Carinhanha chega [&hellip;]<\/p>\n","protected":false},"author":2,"featured_media":112988,"comment_status":"closed","ping_status":"open","sticky":false,"template":"","format":"standard","meta":{"footnotes":"","_links_to":"","_links_to_target":""},"categories":[1],"tags":[],"class_list":["post-112986","post","type-post","status-publish","format-standard","has-post-thumbnail","hentry","category-geral"],"views":1056,"_links":{"self":[{"href":"https:\/\/www.sudoestehoje.com.br\/novoportal\/wp-json\/wp\/v2\/posts\/112986","targetHints":{"allow":["GET"]}}],"collection":[{"href":"https:\/\/www.sudoestehoje.com.br\/novoportal\/wp-json\/wp\/v2\/posts"}],"about":[{"href":"https:\/\/www.sudoestehoje.com.br\/novoportal\/wp-json\/wp\/v2\/types\/post"}],"author":[{"embeddable":true,"href":"https:\/\/www.sudoestehoje.com.br\/novoportal\/wp-json\/wp\/v2\/users\/2"}],"replies":[{"embeddable":true,"href":"https:\/\/www.sudoestehoje.com.br\/novoportal\/wp-json\/wp\/v2\/comments?post=112986"}],"version-history":[{"count":3,"href":"https:\/\/www.sudoestehoje.com.br\/novoportal\/wp-json\/wp\/v2\/posts\/112986\/revisions"}],"predecessor-version":[{"id":112990,"href":"https:\/\/www.sudoestehoje.com.br\/novoportal\/wp-json\/wp\/v2\/posts\/112986\/revisions\/112990"}],"wp:featuredmedia":[{"embeddable":true,"href":"https:\/\/www.sudoestehoje.com.br\/novoportal\/wp-json\/wp\/v2\/media\/112988"}],"wp:attachment":[{"href":"https:\/\/www.sudoestehoje.com.br\/novoportal\/wp-json\/wp\/v2\/media?parent=112986"}],"wp:term":[{"taxonomy":"category","embeddable":true,"href":"https:\/\/www.sudoestehoje.com.br\/novoportal\/wp-json\/wp\/v2\/categories?post=112986"},{"taxonomy":"post_tag","embeddable":true,"href":"https:\/\/www.sudoestehoje.com.br\/novoportal\/wp-json\/wp\/v2\/tags?post=112986"}],"curies":[{"name":"wp","href":"https:\/\/api.w.org\/{rel}","templated":true}]}}