
{"id":112978,"date":"2023-09-27T08:30:05","date_gmt":"2023-09-27T11:30:05","guid":{"rendered":"https:\/\/www.sudoestehoje.com.br\/novoportal\/?p=112978"},"modified":"2023-09-27T08:30:05","modified_gmt":"2023-09-27T11:30:05","slug":"bahia-violenta-salvador-tem-3o-onibus-incendiado-em-apenas-12-dias","status":"publish","type":"post","link":"https:\/\/www.sudoestehoje.com.br\/novoportal\/2023\/09\/27\/bahia-violenta-salvador-tem-3o-onibus-incendiado-em-apenas-12-dias\/","title":{"rendered":"BAHIA VIOLENTA | SALVADOR TEM 3\u00ba \u00d4NIBUS INCENDIADO EM APENAS 12 DIAS"},"content":{"rendered":"<p><img loading=\"lazy\" decoding=\"async\" class=\"alignnone  wp-image-112979\" src=\"https:\/\/www.sudoestehoje.com.br\/novoportal\/wp-content\/uploads\/2023\/09\/onibus-incendiado_faz-coutos_-10112016.jpg\" alt=\"\" width=\"550\" height=\"385\" \/><\/p>\n<p><strong>Na noite desta ter\u00e7a-feira (27), por volta das 22h30, bandidos armados, interceptaram o \u00f4nibus que fazia a linha Lapa x Base Naval, na regi\u00e3o de Cocisa, no Sub\u00farbio Ferrovi\u00e1rio de Salvador, obrigando o motorista e cobrador a descer, incendiando o coletivo em seguida. O equipamento ficou completamente destru\u00eddo. Ningu\u00e9m ficou ferido.<\/strong><\/p>\n<p><strong>O grupo conforme testemunhas, ainda teria efetuado disparos de arma de fogo para assustar os rodovi\u00e1rios e moradores. Equipes da Pol\u00edcia Militar e do Corpo de Bombeiros foram acionadas.<\/strong><\/p>\n<p><strong>A ocorr\u00eancia foi registrada na Avenida S\u00e3o Luiz, Estrada Velha de Paripe. A localidade ficou sem luz. Uma casa, segundo a TV Bahia, teria sido atingida pelo fogo. As chamas est\u00e3o controladas e, a Transalvador atua para remover o ve\u00edculo.<\/strong><\/p>\n","protected":false},"excerpt":{"rendered":"<p>Na noite desta ter\u00e7a-feira (27), por volta das 22h30, bandidos armados, interceptaram o \u00f4nibus que fazia a linha Lapa x Base Naval, na regi\u00e3o de Cocisa, no Sub\u00farbio Ferrovi\u00e1rio de Salvador, obrigando o motorista e cobrador a descer, incendiando o coletivo em seguida. O equipamento ficou completamente destru\u00eddo. Ningu\u00e9m ficou ferido. O grupo conforme testemunhas, [&hellip;]<\/p>\n","protected":false},"author":2,"featured_media":112979,"comment_status":"closed","ping_status":"open","sticky":false,"template":"","format":"standard","meta":{"footnotes":"","_links_to":"","_links_to_target":""},"categories":[1],"tags":[],"class_list":["post-112978","post","type-post","status-publish","format-standard","has-post-thumbnail","hentry","category-geral"],"views":931,"_links":{"self":[{"href":"https:\/\/www.sudoestehoje.com.br\/novoportal\/wp-json\/wp\/v2\/posts\/112978","targetHints":{"allow":["GET"]}}],"collection":[{"href":"https:\/\/www.sudoestehoje.com.br\/novoportal\/wp-json\/wp\/v2\/posts"}],"about":[{"href":"https:\/\/www.sudoestehoje.com.br\/novoportal\/wp-json\/wp\/v2\/types\/post"}],"author":[{"embeddable":true,"href":"https:\/\/www.sudoestehoje.com.br\/novoportal\/wp-json\/wp\/v2\/users\/2"}],"replies":[{"embeddable":true,"href":"https:\/\/www.sudoestehoje.com.br\/novoportal\/wp-json\/wp\/v2\/comments?post=112978"}],"version-history":[{"count":1,"href":"https:\/\/www.sudoestehoje.com.br\/novoportal\/wp-json\/wp\/v2\/posts\/112978\/revisions"}],"predecessor-version":[{"id":112980,"href":"https:\/\/www.sudoestehoje.com.br\/novoportal\/wp-json\/wp\/v2\/posts\/112978\/revisions\/112980"}],"wp:featuredmedia":[{"embeddable":true,"href":"https:\/\/www.sudoestehoje.com.br\/novoportal\/wp-json\/wp\/v2\/media\/112979"}],"wp:attachment":[{"href":"https:\/\/www.sudoestehoje.com.br\/novoportal\/wp-json\/wp\/v2\/media?parent=112978"}],"wp:term":[{"taxonomy":"category","embeddable":true,"href":"https:\/\/www.sudoestehoje.com.br\/novoportal\/wp-json\/wp\/v2\/categories?post=112978"},{"taxonomy":"post_tag","embeddable":true,"href":"https:\/\/www.sudoestehoje.com.br\/novoportal\/wp-json\/wp\/v2\/tags?post=112978"}],"curies":[{"name":"wp","href":"https:\/\/api.w.org\/{rel}","templated":true}]}}