
{"id":112969,"date":"2023-09-26T09:30:15","date_gmt":"2023-09-26T12:30:15","guid":{"rendered":"https:\/\/www.sudoestehoje.com.br\/novoportal\/?p=112969"},"modified":"2023-09-26T09:30:15","modified_gmt":"2023-09-26T12:30:15","slug":"regiao-municipio-de-caatiba-e-pioneiro-no-pagamento-da-complementacao-do-piso-nacional-de-enfermagem","status":"publish","type":"post","link":"https:\/\/www.sudoestehoje.com.br\/novoportal\/2023\/09\/26\/regiao-municipio-de-caatiba-e-pioneiro-no-pagamento-da-complementacao-do-piso-nacional-de-enfermagem\/","title":{"rendered":"REGI\u00c3O | MUNIC\u00cdPIO DE CAATIBA \u00c9 PIONEIRO NO PAGAMENTO DA COMPLEMENTA\u00c7\u00c3O DO PISO NACIONAL DE ENFERMAGEM"},"content":{"rendered":"<p><img loading=\"lazy\" decoding=\"async\" class=\"alignnone  wp-image-112970\" src=\"https:\/\/www.sudoestehoje.com.br\/novoportal\/wp-content\/uploads\/2023\/09\/piso.jpg\" alt=\"\" width=\"520\" height=\"642\" \/><\/p>\n<p><strong>O munic\u00edpio de Caatiba destaca-se ao ser pioneiro na regi\u00e3o no pagamento da complementa\u00e7\u00e3o do piso nacional de enfermagem. Essa complementa\u00e7\u00e3o, que \u00e9 concedida aos profissionais da \u00e1rea, incluindo enfermeiros, t\u00e9cnicos de enfermagem e auxiliares de enfermagem, atrav\u00e9s de legisla\u00e7\u00e3o federal, foi efetivada de forma \u00e1gil e exemplar pela gest\u00e3o da prefeita T\u00e2nia Ribeiro, do Secret\u00e1rio de Sa\u00fade Uilton Rold\u00e3o em parceria com a C\u00e2mara Municipal de Caatiba.<\/strong><\/p>\n<p><strong>A iniciativa da prefeitura de Caatiba, sob a lideran\u00e7a da gestora T\u00e2nia Ribeiro, sancionando o projeto de lei aprovado pela c\u00e2mara municipal de vereadores que legalizou o pagamento integral dos vencimentos, incluindo valores retroativos referentes h\u00e1 quatro meses, em uma \u00fanica parcela, demonstrou o comprometimento do executivo e legislativo municipal com a valoriza\u00e7\u00e3o dos profissionais da sa\u00fade.<\/strong><\/p>\n<p><strong>Vale ressaltar que o pagamento dessa complementa\u00e7\u00e3o \u00e9 uma obrigatoriedade para todas as prefeituras, de acordo com a legisla\u00e7\u00e3o federal vigente. No entanto, a forma eficaz como Caatiba agiu para assegurar esse direito dos profissionais de enfermagem mostra o reconhecimento e valoriza\u00e7\u00e3o que esses profissionais receberam do governo municipal.<\/strong><\/p>\n<p><strong>Essa conquista n\u00e3o apenas reconhece o trabalho \u00e1rduo dos enfermeiros, t\u00e9cnicos e auxiliares de enfermagem, mas tamb\u00e9m refor\u00e7a o compromisso das autoridades locais em garantir uma sa\u00fade p\u00fablica de qualidade para todos os cidad\u00e3os de Caatiba. A iniciativa da gest\u00e3o municipal de Caatiba, ao colocar em pr\u00e1tica de forma c\u00e9lere e transparente essa obriga\u00e7\u00e3o, demonstra um grande avan\u00e7o na gest\u00e3o p\u00fablica da sa\u00fade, beneficiando diretamente aqueles que est\u00e3o na linha de frente do cuidado com a sa\u00fade da popula\u00e7\u00e3o.<\/strong><\/p>\n","protected":false},"excerpt":{"rendered":"<p>O munic\u00edpio de Caatiba destaca-se ao ser pioneiro na regi\u00e3o no pagamento da complementa\u00e7\u00e3o do piso nacional de enfermagem. Essa complementa\u00e7\u00e3o, que \u00e9 concedida aos profissionais da \u00e1rea, incluindo enfermeiros, t\u00e9cnicos de enfermagem e auxiliares de enfermagem, atrav\u00e9s de legisla\u00e7\u00e3o federal, foi efetivada de forma \u00e1gil e exemplar pela gest\u00e3o da prefeita T\u00e2nia Ribeiro, do [&hellip;]<\/p>\n","protected":false},"author":2,"featured_media":112970,"comment_status":"closed","ping_status":"open","sticky":false,"template":"","format":"standard","meta":{"footnotes":"","_links_to":"","_links_to_target":""},"categories":[1],"tags":[],"class_list":["post-112969","post","type-post","status-publish","format-standard","has-post-thumbnail","hentry","category-geral"],"views":1105,"_links":{"self":[{"href":"https:\/\/www.sudoestehoje.com.br\/novoportal\/wp-json\/wp\/v2\/posts\/112969","targetHints":{"allow":["GET"]}}],"collection":[{"href":"https:\/\/www.sudoestehoje.com.br\/novoportal\/wp-json\/wp\/v2\/posts"}],"about":[{"href":"https:\/\/www.sudoestehoje.com.br\/novoportal\/wp-json\/wp\/v2\/types\/post"}],"author":[{"embeddable":true,"href":"https:\/\/www.sudoestehoje.com.br\/novoportal\/wp-json\/wp\/v2\/users\/2"}],"replies":[{"embeddable":true,"href":"https:\/\/www.sudoestehoje.com.br\/novoportal\/wp-json\/wp\/v2\/comments?post=112969"}],"version-history":[{"count":2,"href":"https:\/\/www.sudoestehoje.com.br\/novoportal\/wp-json\/wp\/v2\/posts\/112969\/revisions"}],"predecessor-version":[{"id":112972,"href":"https:\/\/www.sudoestehoje.com.br\/novoportal\/wp-json\/wp\/v2\/posts\/112969\/revisions\/112972"}],"wp:featuredmedia":[{"embeddable":true,"href":"https:\/\/www.sudoestehoje.com.br\/novoportal\/wp-json\/wp\/v2\/media\/112970"}],"wp:attachment":[{"href":"https:\/\/www.sudoestehoje.com.br\/novoportal\/wp-json\/wp\/v2\/media?parent=112969"}],"wp:term":[{"taxonomy":"category","embeddable":true,"href":"https:\/\/www.sudoestehoje.com.br\/novoportal\/wp-json\/wp\/v2\/categories?post=112969"},{"taxonomy":"post_tag","embeddable":true,"href":"https:\/\/www.sudoestehoje.com.br\/novoportal\/wp-json\/wp\/v2\/tags?post=112969"}],"curies":[{"name":"wp","href":"https:\/\/api.w.org\/{rel}","templated":true}]}}