
{"id":112961,"date":"2023-09-26T08:38:12","date_gmt":"2023-09-26T11:38:12","guid":{"rendered":"https:\/\/www.sudoestehoje.com.br\/novoportal\/?p=112961"},"modified":"2023-09-26T20:16:59","modified_gmt":"2023-09-26T23:16:59","slug":"loja-da-havan-reabre-em-conquista-dia-30-apos-ser-devastada-por-incencio-em-2022","status":"publish","type":"post","link":"https:\/\/www.sudoestehoje.com.br\/novoportal\/2023\/09\/26\/loja-da-havan-reabre-em-conquista-dia-30-apos-ser-devastada-por-incencio-em-2022\/","title":{"rendered":"LOJA DA HAVAN REABRE EM CONQUISTA DIA 30 AP\u00d3S SER DEVASTADA POR INC\u00caNDIO EM 2022"},"content":{"rendered":"<p><img loading=\"lazy\" decoding=\"async\" class=\"alignnone  wp-image-112965\" src=\"https:\/\/www.sudoestehoje.com.br\/novoportal\/wp-content\/uploads\/2023\/09\/cWhsXro-600x360.jpg\" alt=\"\" width=\"550\" height=\"330\" srcset=\"https:\/\/www.sudoestehoje.com.br\/novoportal\/wp-content\/uploads\/2023\/09\/cWhsXro-600x360.jpg 600w, https:\/\/www.sudoestehoje.com.br\/novoportal\/wp-content\/uploads\/2023\/09\/cWhsXro.jpg 650w\" sizes=\"auto, (max-width: 550px) 100vw, 550px\" \/><\/p>\n<p><strong>Ap\u00f3s nove meses de espera, a popula\u00e7\u00e3o de Vit\u00f3ria da Conquista e regi\u00e3o vai ter de volta a megaloja Havan, destru\u00edda no final de 2022, por um grande inc\u00eandio.<\/strong><\/p>\n<p><strong>No pr\u00f3ximo s\u00e1bado, dia 30, \u00e0s 10h, Luciano Hang, o propriet\u00e1rio da Havan, estar\u00e1 na cidade baiana para celebrar junto com os clientes e colaboradores. <\/strong><\/p>\n<p><strong>Para tornar esse momento ainda mais especial, o cantor Rony Barbosa far\u00e1 uma apresenta\u00e7\u00e3o ao vivo.<\/strong><\/p>\n<p><strong><em>\u201cEste \u00e9 um momento de alegria que desejamos compartilhar com aqueles que amam nossa loja tanto quanto n\u00f3s. Portanto, convidamos toda a comunidade de Vit\u00f3ria da Conquista e regi\u00e3o a se juntar a n\u00f3s\u201d<\/em>, diz o dono da Havan. \/\/<em>Informa\u00e7\u00f5es Blog do Marcelo<\/em><\/strong><\/p>\n","protected":false},"excerpt":{"rendered":"<p>Ap\u00f3s nove meses de espera, a popula\u00e7\u00e3o de Vit\u00f3ria da Conquista e regi\u00e3o vai ter de volta a megaloja Havan, destru\u00edda no final de 2022, por um grande inc\u00eandio. No pr\u00f3ximo s\u00e1bado, dia 30, \u00e0s 10h, Luciano Hang, o propriet\u00e1rio da Havan, estar\u00e1 na cidade baiana para celebrar junto com os clientes e colaboradores. Para [&hellip;]<\/p>\n","protected":false},"author":2,"featured_media":112965,"comment_status":"closed","ping_status":"open","sticky":false,"template":"","format":"standard","meta":{"footnotes":"","_links_to":"","_links_to_target":""},"categories":[1],"tags":[],"class_list":["post-112961","post","type-post","status-publish","format-standard","has-post-thumbnail","hentry","category-geral"],"views":1227,"_links":{"self":[{"href":"https:\/\/www.sudoestehoje.com.br\/novoportal\/wp-json\/wp\/v2\/posts\/112961","targetHints":{"allow":["GET"]}}],"collection":[{"href":"https:\/\/www.sudoestehoje.com.br\/novoportal\/wp-json\/wp\/v2\/posts"}],"about":[{"href":"https:\/\/www.sudoestehoje.com.br\/novoportal\/wp-json\/wp\/v2\/types\/post"}],"author":[{"embeddable":true,"href":"https:\/\/www.sudoestehoje.com.br\/novoportal\/wp-json\/wp\/v2\/users\/2"}],"replies":[{"embeddable":true,"href":"https:\/\/www.sudoestehoje.com.br\/novoportal\/wp-json\/wp\/v2\/comments?post=112961"}],"version-history":[{"count":6,"href":"https:\/\/www.sudoestehoje.com.br\/novoportal\/wp-json\/wp\/v2\/posts\/112961\/revisions"}],"predecessor-version":[{"id":112973,"href":"https:\/\/www.sudoestehoje.com.br\/novoportal\/wp-json\/wp\/v2\/posts\/112961\/revisions\/112973"}],"wp:featuredmedia":[{"embeddable":true,"href":"https:\/\/www.sudoestehoje.com.br\/novoportal\/wp-json\/wp\/v2\/media\/112965"}],"wp:attachment":[{"href":"https:\/\/www.sudoestehoje.com.br\/novoportal\/wp-json\/wp\/v2\/media?parent=112961"}],"wp:term":[{"taxonomy":"category","embeddable":true,"href":"https:\/\/www.sudoestehoje.com.br\/novoportal\/wp-json\/wp\/v2\/categories?post=112961"},{"taxonomy":"post_tag","embeddable":true,"href":"https:\/\/www.sudoestehoje.com.br\/novoportal\/wp-json\/wp\/v2\/tags?post=112961"}],"curies":[{"name":"wp","href":"https:\/\/api.w.org\/{rel}","templated":true}]}}