
{"id":112957,"date":"2023-09-25T11:28:33","date_gmt":"2023-09-25T14:28:33","guid":{"rendered":"https:\/\/www.sudoestehoje.com.br\/novoportal\/?p=112957"},"modified":"2023-09-25T11:28:33","modified_gmt":"2023-09-25T14:28:33","slug":"casal-jovem-de-conquista-e-tremedal-morre-afogado-em-praia-de-ilheus","status":"publish","type":"post","link":"https:\/\/www.sudoestehoje.com.br\/novoportal\/2023\/09\/25\/casal-jovem-de-conquista-e-tremedal-morre-afogado-em-praia-de-ilheus\/","title":{"rendered":"CASAL JOVEM DE CONQUISTA E TREMEDAL MORRE AFOGADO EM PRAIA DE ILH\u00c9US"},"content":{"rendered":"<p><img loading=\"lazy\" decoding=\"async\" class=\"alignnone  wp-image-112958\" src=\"https:\/\/www.sudoestehoje.com.br\/novoportal\/wp-content\/uploads\/2023\/09\/133900144_1335447963490892_8667202074171936094_n-600x610.jpg\" alt=\"\" width=\"550\" height=\"559\" srcset=\"https:\/\/www.sudoestehoje.com.br\/novoportal\/wp-content\/uploads\/2023\/09\/133900144_1335447963490892_8667202074171936094_n-600x610.jpg 600w, https:\/\/www.sudoestehoje.com.br\/novoportal\/wp-content\/uploads\/2023\/09\/133900144_1335447963490892_8667202074171936094_n.jpg 688w\" sizes=\"auto, (max-width: 550px) 100vw, 550px\" \/><\/p>\n<p><strong>Como\u00e7\u00e3o em Vit\u00f3ria da Conquista e Tremedal. V\u00edtimas de afogamentos na Praia do Corurupe, em Ilh\u00e9us, na manh\u00e3 deste domingo (24), faleceram Ricardo Fernandes e Gabrielly Brito.<\/strong><\/p>\n<p><strong> In\u00fameras s\u00e3o as manifesta\u00e7\u00f5es lan\u00e7adas pelas partidas prematuras do casal de 24 e 20 anos.<\/strong><\/p>\n<p><strong>De acordo com informa\u00e7\u00f5es do Blog do Anderson, Ricardo \u00e9 sobrinho do presidente da C\u00e2mara Municipal de Tremedal, Erasmo Fernandes dos Santos.<\/strong><\/p>\n","protected":false},"excerpt":{"rendered":"<p>Como\u00e7\u00e3o em Vit\u00f3ria da Conquista e Tremedal. V\u00edtimas de afogamentos na Praia do Corurupe, em Ilh\u00e9us, na manh\u00e3 deste domingo (24), faleceram Ricardo Fernandes e Gabrielly Brito. In\u00fameras s\u00e3o as manifesta\u00e7\u00f5es lan\u00e7adas pelas partidas prematuras do casal de 24 e 20 anos. De acordo com informa\u00e7\u00f5es do Blog do Anderson, Ricardo \u00e9 sobrinho do presidente [&hellip;]<\/p>\n","protected":false},"author":2,"featured_media":112958,"comment_status":"closed","ping_status":"open","sticky":false,"template":"","format":"standard","meta":{"footnotes":"","_links_to":"","_links_to_target":""},"categories":[1],"tags":[],"class_list":["post-112957","post","type-post","status-publish","format-standard","has-post-thumbnail","hentry","category-geral"],"views":1483,"_links":{"self":[{"href":"https:\/\/www.sudoestehoje.com.br\/novoportal\/wp-json\/wp\/v2\/posts\/112957","targetHints":{"allow":["GET"]}}],"collection":[{"href":"https:\/\/www.sudoestehoje.com.br\/novoportal\/wp-json\/wp\/v2\/posts"}],"about":[{"href":"https:\/\/www.sudoestehoje.com.br\/novoportal\/wp-json\/wp\/v2\/types\/post"}],"author":[{"embeddable":true,"href":"https:\/\/www.sudoestehoje.com.br\/novoportal\/wp-json\/wp\/v2\/users\/2"}],"replies":[{"embeddable":true,"href":"https:\/\/www.sudoestehoje.com.br\/novoportal\/wp-json\/wp\/v2\/comments?post=112957"}],"version-history":[{"count":2,"href":"https:\/\/www.sudoestehoje.com.br\/novoportal\/wp-json\/wp\/v2\/posts\/112957\/revisions"}],"predecessor-version":[{"id":112960,"href":"https:\/\/www.sudoestehoje.com.br\/novoportal\/wp-json\/wp\/v2\/posts\/112957\/revisions\/112960"}],"wp:featuredmedia":[{"embeddable":true,"href":"https:\/\/www.sudoestehoje.com.br\/novoportal\/wp-json\/wp\/v2\/media\/112958"}],"wp:attachment":[{"href":"https:\/\/www.sudoestehoje.com.br\/novoportal\/wp-json\/wp\/v2\/media?parent=112957"}],"wp:term":[{"taxonomy":"category","embeddable":true,"href":"https:\/\/www.sudoestehoje.com.br\/novoportal\/wp-json\/wp\/v2\/categories?post=112957"},{"taxonomy":"post_tag","embeddable":true,"href":"https:\/\/www.sudoestehoje.com.br\/novoportal\/wp-json\/wp\/v2\/tags?post=112957"}],"curies":[{"name":"wp","href":"https:\/\/api.w.org\/{rel}","templated":true}]}}