
{"id":112949,"date":"2023-09-25T10:53:29","date_gmt":"2023-09-25T13:53:29","guid":{"rendered":"https:\/\/www.sudoestehoje.com.br\/novoportal\/?p=112949"},"modified":"2023-09-25T10:53:29","modified_gmt":"2023-09-25T13:53:29","slug":"bahia-final-de-semana-violento-em-feira-de-santana-com-6-mortes-em-24-horas","status":"publish","type":"post","link":"https:\/\/www.sudoestehoje.com.br\/novoportal\/2023\/09\/25\/bahia-final-de-semana-violento-em-feira-de-santana-com-6-mortes-em-24-horas\/","title":{"rendered":"BAHIA | FINAL DE SEMANA VIOLENTO EM FEIRA DE SANTANA COM 6 MORTES EM 24 HORAS"},"content":{"rendered":"<figure id=\"attachment_563378\" class=\"wp-caption aligncenter\" style=\"width: 551px;\" aria-describedby=\"caption-attachment-563378\"><figcaption id=\"caption-attachment-563378\" class=\"wp-caption-text\"><img loading=\"lazy\" decoding=\"async\" class=\"alignnone  wp-image-112950\" src=\"https:\/\/www.sudoestehoje.com.br\/novoportal\/wp-content\/uploads\/2023\/09\/Acorda-cidade-600x406.jpg\" alt=\"\" width=\"551\" height=\"373\" srcset=\"https:\/\/www.sudoestehoje.com.br\/novoportal\/wp-content\/uploads\/2023\/09\/Acorda-cidade-600x406.jpg 600w, https:\/\/www.sudoestehoje.com.br\/novoportal\/wp-content\/uploads\/2023\/09\/Acorda-cidade.jpg 640w\" sizes=\"auto, (max-width: 551px) 100vw, 551px\" \/><\/figcaption><\/figure>\n<p data-sourcepos=\"3:1-3:192\"><strong>Seis homens foram assassinados em Feira de Santana entre s\u00e1bado (23) e domingo (25). Todas as v\u00edtimas foram mortas a tiros e at\u00e9 o momento as autorias s\u00e3o desconhecidas.<\/strong><\/p>\n<p data-sourcepos=\"5:1-5:336\"><strong>Segundo informa\u00e7\u00f5es, o primeiro homic\u00eddio foi registrado na manh\u00e3 de s\u00e1bado na Avenida Homero Figueiredo, no bairro Gabriela. Welton Souza Santos, de 30 anos, conduzia uma motocicleta Honda Pop, sentido Avenida Amaralina, quando foi abordado por dois homens encapuzados e com capacetes, em outra moto. Os homens dispararam v\u00e1rios tiros contra ele e fugiram.<\/strong><\/p>\n<p data-sourcepos=\"7:1-7:341\"><strong>Ainda no s\u00e1bado, no per\u00edodo da tarde, Josenildo Marques Pinto, de 50 anos, foi assassinado com cerca de dois tiros, na rua V Conc\u00f3rdia, no Conjunto George Am\u00e9rico. O crime foi praticado por quatro homens que chegaram em um ve\u00edculo, no momento em que ele estava saindo da resid\u00eancia de um familiar, j\u00e1 na varanda do im\u00f3vel, pr\u00f3ximo ao port\u00e3o.<\/strong><\/p>\n<p data-sourcepos=\"9:1-9:508\"><strong>Na noite de s\u00e1bado, dois homens foram assassinados a tiros e um ficou ferido no bairro Caseb. De acordo com a pol\u00edcia, uma das v\u00edtimas, Ant\u00f4nio Carlos dos Santos Bastos, 34 anos, foi baleado na Travessa Paraguai. Mesmo ferido, ele ainda entrou em uma vila de quartos, mas acabou caindo no corredor. O outro homem, Elielson Santos Bispo, 34 anos, foi morto na Rua Juiz de Fora, enquanto a terceira v\u00edtima, que foi socorrida para o Hospital Geral Cl\u00e9riston Andrade (HGCA), foi baleada na Travessa Juiz de Fora.<\/strong><\/p>\n<p data-sourcepos=\"11:1-11:200\"><strong>No domingo (24), um homem foi assassinado a tiros na Rua S\u00e3o Pedro, no bairro Tomba. A v\u00edtima, identificada como Jos\u00e9 Carlos dos Santos, de 38 anos, foi atingida por v\u00e1rios disparos e morreu no local.<\/strong><\/p>\n<p data-sourcepos=\"13:1-13:185\"><strong>Com estas mortes no fim de semana, sobe para 37 o total de homic\u00eddios neste m\u00eas de setembro. Somados aos dois latroc\u00ednios, o n\u00famero de mortes violentas no m\u00eas chega a 39, at\u00e9 o momento.<\/strong><\/p>\n","protected":false},"excerpt":{"rendered":"<p>Seis homens foram assassinados em Feira de Santana entre s\u00e1bado (23) e domingo (25). Todas as v\u00edtimas foram mortas a tiros e at\u00e9 o momento as autorias s\u00e3o desconhecidas. Segundo informa\u00e7\u00f5es, o primeiro homic\u00eddio foi registrado na manh\u00e3 de s\u00e1bado na Avenida Homero Figueiredo, no bairro Gabriela. Welton Souza Santos, de 30 anos, conduzia uma [&hellip;]<\/p>\n","protected":false},"author":2,"featured_media":112950,"comment_status":"closed","ping_status":"open","sticky":false,"template":"","format":"standard","meta":{"footnotes":"","_links_to":"","_links_to_target":""},"categories":[1],"tags":[],"class_list":["post-112949","post","type-post","status-publish","format-standard","has-post-thumbnail","hentry","category-geral"],"views":667,"_links":{"self":[{"href":"https:\/\/www.sudoestehoje.com.br\/novoportal\/wp-json\/wp\/v2\/posts\/112949","targetHints":{"allow":["GET"]}}],"collection":[{"href":"https:\/\/www.sudoestehoje.com.br\/novoportal\/wp-json\/wp\/v2\/posts"}],"about":[{"href":"https:\/\/www.sudoestehoje.com.br\/novoportal\/wp-json\/wp\/v2\/types\/post"}],"author":[{"embeddable":true,"href":"https:\/\/www.sudoestehoje.com.br\/novoportal\/wp-json\/wp\/v2\/users\/2"}],"replies":[{"embeddable":true,"href":"https:\/\/www.sudoestehoje.com.br\/novoportal\/wp-json\/wp\/v2\/comments?post=112949"}],"version-history":[{"count":4,"href":"https:\/\/www.sudoestehoje.com.br\/novoportal\/wp-json\/wp\/v2\/posts\/112949\/revisions"}],"predecessor-version":[{"id":112954,"href":"https:\/\/www.sudoestehoje.com.br\/novoportal\/wp-json\/wp\/v2\/posts\/112949\/revisions\/112954"}],"wp:featuredmedia":[{"embeddable":true,"href":"https:\/\/www.sudoestehoje.com.br\/novoportal\/wp-json\/wp\/v2\/media\/112950"}],"wp:attachment":[{"href":"https:\/\/www.sudoestehoje.com.br\/novoportal\/wp-json\/wp\/v2\/media?parent=112949"}],"wp:term":[{"taxonomy":"category","embeddable":true,"href":"https:\/\/www.sudoestehoje.com.br\/novoportal\/wp-json\/wp\/v2\/categories?post=112949"},{"taxonomy":"post_tag","embeddable":true,"href":"https:\/\/www.sudoestehoje.com.br\/novoportal\/wp-json\/wp\/v2\/tags?post=112949"}],"curies":[{"name":"wp","href":"https:\/\/api.w.org\/{rel}","templated":true}]}}