
{"id":112944,"date":"2023-09-25T10:17:40","date_gmt":"2023-09-25T13:17:40","guid":{"rendered":"https:\/\/www.sudoestehoje.com.br\/novoportal\/?p=112944"},"modified":"2023-09-25T10:17:40","modified_gmt":"2023-09-25T13:17:40","slug":"bahia-violenta-bandidos-sequestram-familia-e-transmitem-em-redes-sociais","status":"publish","type":"post","link":"https:\/\/www.sudoestehoje.com.br\/novoportal\/2023\/09\/25\/bahia-violenta-bandidos-sequestram-familia-e-transmitem-em-redes-sociais\/","title":{"rendered":"BAHIA VIOLENTA | BANDIDOS SEQUESTRAM FAM\u00cdLIA E TRANSMITEM EM REDES SOCIAIS"},"content":{"rendered":"<div id=\"chunk-5va2h\">\n<div class=\"mc-column content-text active-extra-styles \" data-block-type=\"unstyled\" data-block-weight=\"50\" data-block-id=\"3\">\n<p data-track-category=\"Link no Texto\" data-track-links=\"\"><img loading=\"lazy\" decoding=\"async\" class=\"alignnone  wp-image-112945\" src=\"https:\/\/www.sudoestehoje.com.br\/novoportal\/wp-content\/uploads\/2023\/09\/a2-1--600x373.webp\" alt=\"\" width=\"552\" height=\"343\" srcset=\"https:\/\/www.sudoestehoje.com.br\/novoportal\/wp-content\/uploads\/2023\/09\/a2-1--600x373.webp 600w, https:\/\/www.sudoestehoje.com.br\/novoportal\/wp-content\/uploads\/2023\/09\/a2-1--700x435.webp 700w, https:\/\/www.sudoestehoje.com.br\/novoportal\/wp-content\/uploads\/2023\/09\/a2-1--768x478.webp 768w, https:\/\/www.sudoestehoje.com.br\/novoportal\/wp-content\/uploads\/2023\/09\/a2-1-.webp 984w\" sizes=\"auto, (max-width: 552px) 100vw, 552px\" \/><\/p>\n<p class=\"content-text__container \" data-track-category=\"Link no Texto\" data-track-links=\"\"><strong>Uma mulher e tr\u00eas filhos foram mantidos ref\u00e9ns por sete homens armados desde a noite de domingo (24), no bairro de Dom Avelar, em\u00a0Salvador. As v\u00edtimas foram resgatadas ap\u00f3s oito horas, sem ferimentos no in\u00edcio da manh\u00e3 desta segunda-feira (25). Seis suspeitos foram presos e um adolescente apreendido.<\/strong><\/p>\n<\/div>\n<\/div>\n<div class=\"wall protected-content\">\n<div id=\"chunk-damca\">\n<div class=\"mc-column content-text active-extra-styles\" data-block-type=\"raw\" data-block-weight=\"9\" data-block-id=\"4\">\n<p><strong>De acordo com a Pol\u00edcia Militar, os homens e o adolescente invadiram o im\u00f3vel por volta das 22h30, na rua Sacramentinas, depois que trocaram tiros e foram perseguidos por policiais da Rondas Especiais (Rondesp). Em alguns momentos, os suspeitos transmitiram o sequestro nas redes sociais.<\/strong><\/p>\n<div id=\"chunk-9rg0o\">\n<div class=\"mc-column content-text active-extra-styles \" data-block-type=\"unstyled\" data-block-weight=\"44\" data-block-id=\"8\">\n<p class=\"content-text__container \" data-track-category=\"Link no Texto\" data-track-links=\"\"><strong>Durante a madrugada, o grupo liberou uma das v\u00edtimas, adolescente, com a chegada de um advogado. O resgate da dona da casa e dos outros filhos aconteceu \u00e0s 6h30 ap\u00f3s longa negocia\u00e7\u00e3o do Batalh\u00e3o de Opera\u00e7\u00f5es Especiais (Bope) da Pol\u00edcia Militar da Bahia.<\/strong><\/p>\n<\/div>\n<\/div>\n<div id=\"chunk-1idpq\">\n<div class=\"mc-column content-text active-extra-styles \" data-block-type=\"unstyled\" data-block-weight=\"57\" data-block-id=\"9\">\n<p class=\"content-text__container \" data-track-category=\"Link no Texto\" data-track-links=\"\"><strong>Mesmo sem ter tido ferimentos, a fam\u00edlia foi levada para uma unidade de sa\u00fade. Os suspeitos, que tamb\u00e9m estavam com drogas, se renderam e foram levados para a Delegacia Especializada de Repress\u00e3o aos Crimes Contra a Crian\u00e7a e o Adolescente (Dercca), porque um deles \u00e9 menor de idade, e depois ser\u00e3o encaminhados para a Central de Flagrantes.<\/strong><\/p>\n<\/div>\n<\/div>\n<\/div>\n<\/div>\n<\/div>\n","protected":false},"excerpt":{"rendered":"<p>Uma mulher e tr\u00eas filhos foram mantidos ref\u00e9ns por sete homens armados desde a noite de domingo (24), no bairro de Dom Avelar, em\u00a0Salvador. As v\u00edtimas foram resgatadas ap\u00f3s oito horas, sem ferimentos no in\u00edcio da manh\u00e3 desta segunda-feira (25). Seis suspeitos foram presos e um adolescente apreendido. De acordo com a Pol\u00edcia Militar, os [&hellip;]<\/p>\n","protected":false},"author":2,"featured_media":112945,"comment_status":"closed","ping_status":"open","sticky":false,"template":"","format":"standard","meta":{"footnotes":"","_links_to":"","_links_to_target":""},"categories":[1],"tags":[],"class_list":["post-112944","post","type-post","status-publish","format-standard","has-post-thumbnail","hentry","category-geral"],"views":686,"_links":{"self":[{"href":"https:\/\/www.sudoestehoje.com.br\/novoportal\/wp-json\/wp\/v2\/posts\/112944","targetHints":{"allow":["GET"]}}],"collection":[{"href":"https:\/\/www.sudoestehoje.com.br\/novoportal\/wp-json\/wp\/v2\/posts"}],"about":[{"href":"https:\/\/www.sudoestehoje.com.br\/novoportal\/wp-json\/wp\/v2\/types\/post"}],"author":[{"embeddable":true,"href":"https:\/\/www.sudoestehoje.com.br\/novoportal\/wp-json\/wp\/v2\/users\/2"}],"replies":[{"embeddable":true,"href":"https:\/\/www.sudoestehoje.com.br\/novoportal\/wp-json\/wp\/v2\/comments?post=112944"}],"version-history":[{"count":2,"href":"https:\/\/www.sudoestehoje.com.br\/novoportal\/wp-json\/wp\/v2\/posts\/112944\/revisions"}],"predecessor-version":[{"id":112947,"href":"https:\/\/www.sudoestehoje.com.br\/novoportal\/wp-json\/wp\/v2\/posts\/112944\/revisions\/112947"}],"wp:featuredmedia":[{"embeddable":true,"href":"https:\/\/www.sudoestehoje.com.br\/novoportal\/wp-json\/wp\/v2\/media\/112945"}],"wp:attachment":[{"href":"https:\/\/www.sudoestehoje.com.br\/novoportal\/wp-json\/wp\/v2\/media?parent=112944"}],"wp:term":[{"taxonomy":"category","embeddable":true,"href":"https:\/\/www.sudoestehoje.com.br\/novoportal\/wp-json\/wp\/v2\/categories?post=112944"},{"taxonomy":"post_tag","embeddable":true,"href":"https:\/\/www.sudoestehoje.com.br\/novoportal\/wp-json\/wp\/v2\/tags?post=112944"}],"curies":[{"name":"wp","href":"https:\/\/api.w.org\/{rel}","templated":true}]}}