
{"id":112940,"date":"2023-09-25T10:12:31","date_gmt":"2023-09-25T13:12:31","guid":{"rendered":"https:\/\/www.sudoestehoje.com.br\/novoportal\/?p=112940"},"modified":"2023-09-25T11:19:50","modified_gmt":"2023-09-25T14:19:50","slug":"motorista-de-aplicativo-morre-em-acidente-entre-itabuna-e-buerarema-em-visita-ao-sogro","status":"publish","type":"post","link":"https:\/\/www.sudoestehoje.com.br\/novoportal\/2023\/09\/25\/motorista-de-aplicativo-morre-em-acidente-entre-itabuna-e-buerarema-em-visita-ao-sogro\/","title":{"rendered":"MOTORISTA DE APLICATIVO MORRE EM ACIDENTE ENTRE ITABUNA E BUERAREMA EM VISITA AO SOGRO"},"content":{"rendered":"<div id=\"chunk-1g9o7\">\n<div class=\"mc-column content-text active-extra-styles \" data-block-type=\"unstyled\" data-block-weight=\"52\" data-block-id=\"3\">\n<p data-track-category=\"Link no Texto\" data-track-links=\"\"><img loading=\"lazy\" decoding=\"async\" class=\"alignnone wp-image-112942\" src=\"https:\/\/www.sudoestehoje.com.br\/novoportal\/wp-content\/uploads\/2023\/09\/homem-morre-apos-carro-bater-de-frente-com-outro-n0030536202202309250815-6-600x360.webp\" alt=\"\" width=\"550\" height=\"330\" srcset=\"https:\/\/www.sudoestehoje.com.br\/novoportal\/wp-content\/uploads\/2023\/09\/homem-morre-apos-carro-bater-de-frente-com-outro-n0030536202202309250815-6-600x360.webp 600w, https:\/\/www.sudoestehoje.com.br\/novoportal\/wp-content\/uploads\/2023\/09\/homem-morre-apos-carro-bater-de-frente-com-outro-n0030536202202309250815-6-700x420.webp 700w, https:\/\/www.sudoestehoje.com.br\/novoportal\/wp-content\/uploads\/2023\/09\/homem-morre-apos-carro-bater-de-frente-com-outro-n0030536202202309250815-6-768x460.webp 768w, https:\/\/www.sudoestehoje.com.br\/novoportal\/wp-content\/uploads\/2023\/09\/homem-morre-apos-carro-bater-de-frente-com-outro-n0030536202202309250815-6.webp 984w\" sizes=\"auto, (max-width: 550px) 100vw, 550px\" \/><\/p>\n<p class=\"content-text__container \" data-track-category=\"Link no Texto\" data-track-links=\"\"><strong>Um motorista por aplicativo de 35 anos morreu no domingo (24), ap\u00f3s uma batida entre ve\u00edculos. O acidente aconteceu na BR-101, no trecho que liga\u00a0Itabuna\u00a0e\u00a0Buerarema, no sul da Bahia. Segundo amigos, William Almeida tinha acabado de trabalhar e estava a caminho da casa do sogro, para encontrar a fam\u00edlia.<\/strong><\/p>\n<\/div>\n<\/div>\n<div class=\"wall protected-content\">\n<div id=\"chunk-4ihj\">\n<div class=\"mc-column content-text active-extra-styles\" data-block-type=\"raw\" data-block-weight=\"11\" data-block-id=\"4\">\n<p><strong>De acordo com a Pol\u00edcia Rodovi\u00e1ria Federal (PR), o acidente aconteceu no km 514. William Almeida dirigia o carro em dire\u00e7\u00e3o a Buerarema, quando bateu de frente com o outro ve\u00edculo de passeio.<\/strong><\/p>\n<\/div>\n<\/div>\n<div id=\"chunk-ceg8q\">\n<div class=\"mc-column content-text active-extra-styles \" data-block-type=\"unstyled\" data-block-weight=\"24\" data-block-id=\"6\">\n<p class=\"content-text__container \" data-track-category=\"Link no Texto\" data-track-links=\"\"><strong>O motorista por aplicativo n\u00e3o resistiu ao impacto e morreu antes do socorro chegar. Ainda n\u00e3o h\u00e1 informa\u00e7\u00f5es sobre o que causou a batida.<\/strong><\/p>\n<p data-track-category=\"Link no Texto\" data-track-links=\"\"><img loading=\"lazy\" decoding=\"async\" class=\"alignnone wp-image-112955\" src=\"https:\/\/www.sudoestehoje.com.br\/novoportal\/wp-content\/uploads\/2023\/09\/whatsapp-image-2023-09-25-at-08.40.10-600x443.webp\" alt=\"\" width=\"554\" height=\"409\" srcset=\"https:\/\/www.sudoestehoje.com.br\/novoportal\/wp-content\/uploads\/2023\/09\/whatsapp-image-2023-09-25-at-08.40.10-600x443.webp 600w, https:\/\/www.sudoestehoje.com.br\/novoportal\/wp-content\/uploads\/2023\/09\/whatsapp-image-2023-09-25-at-08.40.10-700x516.webp 700w, https:\/\/www.sudoestehoje.com.br\/novoportal\/wp-content\/uploads\/2023\/09\/whatsapp-image-2023-09-25-at-08.40.10-768x567.webp 768w, https:\/\/www.sudoestehoje.com.br\/novoportal\/wp-content\/uploads\/2023\/09\/whatsapp-image-2023-09-25-at-08.40.10.webp 984w\" sizes=\"auto, (max-width: 554px) 100vw, 554px\" \/><\/p>\n<p data-track-category=\"Link no Texto\" data-track-links=\"\"><strong>O corpo de William Almeida foi velado em Itabuna e o sepultamento est\u00e1 marcado para a manh\u00e3 desta segunda-feira (25). A Pol\u00edcia Rodovi\u00e1ria Federal informou que as causas do acidente ser\u00e3o investigadas.<\/strong><\/p>\n<\/div>\n<\/div>\n<\/div>\n","protected":false},"excerpt":{"rendered":"<p>Um motorista por aplicativo de 35 anos morreu no domingo (24), ap\u00f3s uma batida entre ve\u00edculos. O acidente aconteceu na BR-101, no trecho que liga\u00a0Itabuna\u00a0e\u00a0Buerarema, no sul da Bahia. Segundo amigos, William Almeida tinha acabado de trabalhar e estava a caminho da casa do sogro, para encontrar a fam\u00edlia. De acordo com a Pol\u00edcia Rodovi\u00e1ria [&hellip;]<\/p>\n","protected":false},"author":2,"featured_media":112942,"comment_status":"closed","ping_status":"open","sticky":false,"template":"","format":"standard","meta":{"footnotes":"","_links_to":"","_links_to_target":""},"categories":[1],"tags":[],"class_list":["post-112940","post","type-post","status-publish","format-standard","has-post-thumbnail","hentry","category-geral"],"views":950,"_links":{"self":[{"href":"https:\/\/www.sudoestehoje.com.br\/novoportal\/wp-json\/wp\/v2\/posts\/112940","targetHints":{"allow":["GET"]}}],"collection":[{"href":"https:\/\/www.sudoestehoje.com.br\/novoportal\/wp-json\/wp\/v2\/posts"}],"about":[{"href":"https:\/\/www.sudoestehoje.com.br\/novoportal\/wp-json\/wp\/v2\/types\/post"}],"author":[{"embeddable":true,"href":"https:\/\/www.sudoestehoje.com.br\/novoportal\/wp-json\/wp\/v2\/users\/2"}],"replies":[{"embeddable":true,"href":"https:\/\/www.sudoestehoje.com.br\/novoportal\/wp-json\/wp\/v2\/comments?post=112940"}],"version-history":[{"count":3,"href":"https:\/\/www.sudoestehoje.com.br\/novoportal\/wp-json\/wp\/v2\/posts\/112940\/revisions"}],"predecessor-version":[{"id":112956,"href":"https:\/\/www.sudoestehoje.com.br\/novoportal\/wp-json\/wp\/v2\/posts\/112940\/revisions\/112956"}],"wp:featuredmedia":[{"embeddable":true,"href":"https:\/\/www.sudoestehoje.com.br\/novoportal\/wp-json\/wp\/v2\/media\/112942"}],"wp:attachment":[{"href":"https:\/\/www.sudoestehoje.com.br\/novoportal\/wp-json\/wp\/v2\/media?parent=112940"}],"wp:term":[{"taxonomy":"category","embeddable":true,"href":"https:\/\/www.sudoestehoje.com.br\/novoportal\/wp-json\/wp\/v2\/categories?post=112940"},{"taxonomy":"post_tag","embeddable":true,"href":"https:\/\/www.sudoestehoje.com.br\/novoportal\/wp-json\/wp\/v2\/tags?post=112940"}],"curies":[{"name":"wp","href":"https:\/\/api.w.org\/{rel}","templated":true}]}}