
{"id":112907,"date":"2023-09-23T22:34:30","date_gmt":"2023-09-24T01:34:30","guid":{"rendered":"https:\/\/www.sudoestehoje.com.br\/novoportal\/?p=112907"},"modified":"2023-09-23T22:34:30","modified_gmt":"2023-09-24T01:34:30","slug":"processo-seletivo-do-sac-e-saeb-oferece-390-vagas-para-salvador-itapetinga-e-mais-23-cidades","status":"publish","type":"post","link":"https:\/\/www.sudoestehoje.com.br\/novoportal\/2023\/09\/23\/processo-seletivo-do-sac-e-saeb-oferece-390-vagas-para-salvador-itapetinga-e-mais-23-cidades\/","title":{"rendered":"PROCESSO SELETIVO DO SAC E SAEB OFERECE 390 VAGAS PARA SALVADOR, ITAPETINGA E MAIS 23 CIDADES"},"content":{"rendered":"<p><img loading=\"lazy\" decoding=\"async\" class=\"alignnone  wp-image-112909\" src=\"https:\/\/www.sudoestehoje.com.br\/novoportal\/wp-content\/uploads\/2023\/09\/PONTO-SAC.jpg\" alt=\"\" width=\"549\" height=\"309\" \/><\/p>\n<p><strong>A Secretaria de Administra\u00e7\u00e3o do Estado da Bahia (Saeb) abriu um novo processo seletivo para contrata\u00e7\u00e3o de pessoal, por tempo determinado, em Regime Especial de Direito Administrativo (Reda). As vagas s\u00e3o para profissionais com forma\u00e7\u00e3o de n\u00edvel m\u00e9dio, m\u00e9dio t\u00e9cnico e superior.<\/strong><\/p>\n<p><strong>S\u00e3o ao todo 390 vagas, nas fun\u00e7\u00f5es de Analistas T\u00e9cnicos Tempor\u00e1rios, Psic\u00f3logo e T\u00e9cnicos Administrativos Tempor\u00e1rios, para atua\u00e7\u00e3o na Saeb e na Superintend\u00eancia de Atendimento ao Cidad\u00e3o (SAC). A sele\u00e7\u00e3o prev\u00ea reserva de 5% das vagas para pessoas com defici\u00eancia (PcD) e 30% a candidatos pretos ou pardos.<\/strong><\/p>\n<p><strong>As oportunidades est\u00e3o est\u00e3o distribu\u00eddas em Salvador e nas cidades de Alagoinhas, Amargosa, Barreiras, Brumado, Camamu, C\u00edcero Dantas, Cris\u00f3polis, Eun\u00e1polis, Feira de Santana, Guanambi, Ibicoara, Ilh\u00e9us, Inhambupe, Irec\u00ea, Itabuna, Itamaraj\u00fa, Itapetinga, Jacobina, Jequi\u00e9, Juazeiro, Marac\u00e1s, Paulo Afonso, Santo Ant\u00f4nio de Jesus, Senhor do Bonfim, Serrinha e Teixeira de Freitas.<\/strong><\/p>\n<p><strong>Os candidatos aprovados ser\u00e3o contratados pelo prazo de 36 meses, podendo ser renovado por igual per\u00edodo, uma \u00fanica vez, se for do interesse da Saeb. Eles ser\u00e3o lotados nas unidades da pasta, e nas unidades\u00a0SAC Capital, Interior, Pontos \u2013 SAC Interior e SAC M\u00f3vel.<\/strong><\/p>\n<p><span style=\"color: #0000ff;\"><strong><a style=\"color: #0000ff;\" href=\"https:\/\/agenciasertao.com\/wp-content\/uploads\/2023\/09\/Edital-do-Processo-Seletivo-do-SAC-e-Saeb-1.pdf\" target=\"_blank\" rel=\"noopener\">Veja o Edital do Processo Seletivo do SAC e Saeb<\/a><\/strong><\/span><\/p>\n","protected":false},"excerpt":{"rendered":"<p>A Secretaria de Administra\u00e7\u00e3o do Estado da Bahia (Saeb) abriu um novo processo seletivo para contrata\u00e7\u00e3o de pessoal, por tempo determinado, em Regime Especial de Direito Administrativo (Reda). As vagas s\u00e3o para profissionais com forma\u00e7\u00e3o de n\u00edvel m\u00e9dio, m\u00e9dio t\u00e9cnico e superior. S\u00e3o ao todo 390 vagas, nas fun\u00e7\u00f5es de Analistas T\u00e9cnicos Tempor\u00e1rios, Psic\u00f3logo e [&hellip;]<\/p>\n","protected":false},"author":2,"featured_media":112909,"comment_status":"closed","ping_status":"open","sticky":false,"template":"","format":"standard","meta":{"footnotes":"","_links_to":"","_links_to_target":""},"categories":[1],"tags":[],"class_list":["post-112907","post","type-post","status-publish","format-standard","has-post-thumbnail","hentry","category-geral"],"views":1217,"_links":{"self":[{"href":"https:\/\/www.sudoestehoje.com.br\/novoportal\/wp-json\/wp\/v2\/posts\/112907","targetHints":{"allow":["GET"]}}],"collection":[{"href":"https:\/\/www.sudoestehoje.com.br\/novoportal\/wp-json\/wp\/v2\/posts"}],"about":[{"href":"https:\/\/www.sudoestehoje.com.br\/novoportal\/wp-json\/wp\/v2\/types\/post"}],"author":[{"embeddable":true,"href":"https:\/\/www.sudoestehoje.com.br\/novoportal\/wp-json\/wp\/v2\/users\/2"}],"replies":[{"embeddable":true,"href":"https:\/\/www.sudoestehoje.com.br\/novoportal\/wp-json\/wp\/v2\/comments?post=112907"}],"version-history":[{"count":3,"href":"https:\/\/www.sudoestehoje.com.br\/novoportal\/wp-json\/wp\/v2\/posts\/112907\/revisions"}],"predecessor-version":[{"id":112911,"href":"https:\/\/www.sudoestehoje.com.br\/novoportal\/wp-json\/wp\/v2\/posts\/112907\/revisions\/112911"}],"wp:featuredmedia":[{"embeddable":true,"href":"https:\/\/www.sudoestehoje.com.br\/novoportal\/wp-json\/wp\/v2\/media\/112909"}],"wp:attachment":[{"href":"https:\/\/www.sudoestehoje.com.br\/novoportal\/wp-json\/wp\/v2\/media?parent=112907"}],"wp:term":[{"taxonomy":"category","embeddable":true,"href":"https:\/\/www.sudoestehoje.com.br\/novoportal\/wp-json\/wp\/v2\/categories?post=112907"},{"taxonomy":"post_tag","embeddable":true,"href":"https:\/\/www.sudoestehoje.com.br\/novoportal\/wp-json\/wp\/v2\/tags?post=112907"}],"curies":[{"name":"wp","href":"https:\/\/api.w.org\/{rel}","templated":true}]}}