
{"id":112904,"date":"2023-09-23T22:18:56","date_gmt":"2023-09-24T01:18:56","guid":{"rendered":"https:\/\/www.sudoestehoje.com.br\/novoportal\/?p=112904"},"modified":"2023-09-23T22:18:56","modified_gmt":"2023-09-24T01:18:56","slug":"bahia-tem-mais-de-40-mortos-em-confronto-com-a-policia-no-mes-de-setembro","status":"publish","type":"post","link":"https:\/\/www.sudoestehoje.com.br\/novoportal\/2023\/09\/23\/bahia-tem-mais-de-40-mortos-em-confronto-com-a-policia-no-mes-de-setembro\/","title":{"rendered":"BAHIA TEM MAIS DE 40 MORTOS EM CONFRONTO COM A POL\u00cdCIA NO M\u00caS DE SETEMBRO"},"content":{"rendered":"<p><img loading=\"lazy\" decoding=\"async\" class=\"alignnone  wp-image-112905\" src=\"https:\/\/www.sudoestehoje.com.br\/novoportal\/wp-content\/uploads\/2023\/09\/whatsapp-image-2023-09-17-at-13.47.21-2--600x376.webp\" alt=\"\" width=\"551\" height=\"345\" srcset=\"https:\/\/www.sudoestehoje.com.br\/novoportal\/wp-content\/uploads\/2023\/09\/whatsapp-image-2023-09-17-at-13.47.21-2--600x376.webp 600w, https:\/\/www.sudoestehoje.com.br\/novoportal\/wp-content\/uploads\/2023\/09\/whatsapp-image-2023-09-17-at-13.47.21-2--700x438.webp 700w, https:\/\/www.sudoestehoje.com.br\/novoportal\/wp-content\/uploads\/2023\/09\/whatsapp-image-2023-09-17-at-13.47.21-2--768x481.webp 768w, https:\/\/www.sudoestehoje.com.br\/novoportal\/wp-content\/uploads\/2023\/09\/whatsapp-image-2023-09-17-at-13.47.21-2-.webp 984w\" sizes=\"auto, (max-width: 551px) 100vw, 551px\" \/><\/p>\n<div id=\"chunk-3mscp\">\n<div class=\"mc-column content-text active-extra-styles \" data-block-type=\"unstyled\" data-block-weight=\"38\" data-block-id=\"3\">\n<p class=\"content-text__container \" data-track-category=\"Link no Texto\" data-track-links=\"\"><strong>Pelo menos 45\u00a0pessoas morreram em confronto com as for\u00e7as de seguran\u00e7a na Bahia durante os 23 dias do m\u00eas de setembro de 2023. A maioria das mortes aconteceu durante opera\u00e7\u00f5es policiais em bairros perif\u00e9ricos de\u00a0Salvador.<\/strong><\/p>\n<\/div>\n<\/div>\n<div class=\"wall protected-content\">\n<div id=\"chunk-4jtpg\">\n<div class=\"mc-column content-text active-extra-styles\" data-block-type=\"raw\" data-block-weight=\"11\" data-block-id=\"4\">\n<p><strong>As corpora\u00e7\u00f5es afirmam que, dos 46 mortos, 45 eram integrantes de fac\u00e7\u00f5es criminosas ou suspeitos de outros crimes, como homic\u00eddios, e houve troca de tiros em todas as situa\u00e7\u00f5es. Apenas uma v\u00edtima, o policial federal Lucas Carib\u00e9, n\u00e3o teria liga\u00e7\u00e3o com a criminalidade, segundo a pol\u00edcia.<\/strong><\/p>\n<\/div>\n<\/div>\n<\/div>\n<p><strong><span style=\"color: #0000ff;\"><a style=\"color: #0000ff;\" href=\"https:\/\/g1.globo.com\/ba\/bahia\/noticia\/2023\/09\/23\/bahia-tem-mais-de-40-mortes-em-confronto-com-a-policia-em-setembro-entenda-a-onda-de-violencia.ghtml\">Confira mat\u00e9ria completa<\/a><\/span><\/strong><\/p>\n","protected":false},"excerpt":{"rendered":"<p>Pelo menos 45\u00a0pessoas morreram em confronto com as for\u00e7as de seguran\u00e7a na Bahia durante os 23 dias do m\u00eas de setembro de 2023. A maioria das mortes aconteceu durante opera\u00e7\u00f5es policiais em bairros perif\u00e9ricos de\u00a0Salvador. As corpora\u00e7\u00f5es afirmam que, dos 46 mortos, 45 eram integrantes de fac\u00e7\u00f5es criminosas ou suspeitos de outros crimes, como homic\u00eddios, [&hellip;]<\/p>\n","protected":false},"author":2,"featured_media":112905,"comment_status":"closed","ping_status":"open","sticky":false,"template":"","format":"standard","meta":{"footnotes":"","_links_to":"","_links_to_target":""},"categories":[1],"tags":[],"class_list":["post-112904","post","type-post","status-publish","format-standard","has-post-thumbnail","hentry","category-geral"],"views":648,"_links":{"self":[{"href":"https:\/\/www.sudoestehoje.com.br\/novoportal\/wp-json\/wp\/v2\/posts\/112904","targetHints":{"allow":["GET"]}}],"collection":[{"href":"https:\/\/www.sudoestehoje.com.br\/novoportal\/wp-json\/wp\/v2\/posts"}],"about":[{"href":"https:\/\/www.sudoestehoje.com.br\/novoportal\/wp-json\/wp\/v2\/types\/post"}],"author":[{"embeddable":true,"href":"https:\/\/www.sudoestehoje.com.br\/novoportal\/wp-json\/wp\/v2\/users\/2"}],"replies":[{"embeddable":true,"href":"https:\/\/www.sudoestehoje.com.br\/novoportal\/wp-json\/wp\/v2\/comments?post=112904"}],"version-history":[{"count":1,"href":"https:\/\/www.sudoestehoje.com.br\/novoportal\/wp-json\/wp\/v2\/posts\/112904\/revisions"}],"predecessor-version":[{"id":112906,"href":"https:\/\/www.sudoestehoje.com.br\/novoportal\/wp-json\/wp\/v2\/posts\/112904\/revisions\/112906"}],"wp:featuredmedia":[{"embeddable":true,"href":"https:\/\/www.sudoestehoje.com.br\/novoportal\/wp-json\/wp\/v2\/media\/112905"}],"wp:attachment":[{"href":"https:\/\/www.sudoestehoje.com.br\/novoportal\/wp-json\/wp\/v2\/media?parent=112904"}],"wp:term":[{"taxonomy":"category","embeddable":true,"href":"https:\/\/www.sudoestehoje.com.br\/novoportal\/wp-json\/wp\/v2\/categories?post=112904"},{"taxonomy":"post_tag","embeddable":true,"href":"https:\/\/www.sudoestehoje.com.br\/novoportal\/wp-json\/wp\/v2\/tags?post=112904"}],"curies":[{"name":"wp","href":"https:\/\/api.w.org\/{rel}","templated":true}]}}