
{"id":112884,"date":"2023-09-23T20:38:57","date_gmt":"2023-09-23T23:38:57","guid":{"rendered":"https:\/\/www.sudoestehoje.com.br\/novoportal\/?p=112884"},"modified":"2023-09-23T20:41:35","modified_gmt":"2023-09-23T23:41:35","slug":"vereador-lekao-solicita-emenda-a-deputado-para-construcao-de-reservatorio-de-agua-nas-vilas-e-esgotamento-no-recanto-da-colina","status":"publish","type":"post","link":"https:\/\/www.sudoestehoje.com.br\/novoportal\/2023\/09\/23\/vereador-lekao-solicita-emenda-a-deputado-para-construcao-de-reservatorio-de-agua-nas-vilas-e-esgotamento-no-recanto-da-colina\/","title":{"rendered":"VEREADOR LEK\u00c3O SOLICITA EMENDA A DEPUTADO PARA CONSTRU\u00c7\u00c3O DE RESERVAT\u00d3RIO DE \u00c1GUA NAS VILAS E ESGOTAMENTO NO RECANTO DA COLINA"},"content":{"rendered":"<p><img loading=\"lazy\" decoding=\"async\" class=\"alignnone wp-image-112889\" src=\"https:\/\/www.sudoestehoje.com.br\/novoportal\/wp-content\/uploads\/2023\/09\/0d36774b-3bd1-4379-b2be-523c296a9aec.jpg\" alt=\"\" width=\"545\" height=\"358\" \/><\/p>\n<p><strong>Estreante na C\u00e2mara Municipal de Itapetinga, o vereador Alex Dutra, o Lek\u00e3o, j\u00e1 come\u00e7a a &#8221;mostrar servi\u00e7o&#8221; como representante da comunidade.<\/strong><\/p>\n<p><strong>Em audi\u00eancia com o deputado federal F\u00e9lix Mendon\u00e7a (PDT), na \u00faltima quinta-feira (21), Lek\u00e3o solicitou a inclus\u00e3o de Emenda Parlamentar ao Or\u00e7amento Geral da Uni\u00e3o para implanta\u00e7\u00e3o do esgotamento sanit\u00e1rio do bairro Recanto da Colina e uma outra emenda para constru\u00e7\u00e3o de um reservat\u00f3rio de grande porte para resolver o grave problema de abastecimento das vilas, obra de extrema necessidade. <\/strong><\/p>\n<p><strong>Na ocasi\u00e3o, Alex Dutra entregou ao atuante parlamentar, projetos elaborados pelo pr\u00f3prio SAAE de Itapetinga, para auxiliar na elabora\u00e7\u00e3o das emendas solicitadas, que dever\u00e3o ser analisadas pelo deputado e sua assessoria.<\/strong><\/p>\n<p><strong>Al\u00e9m do reservat\u00f3rio para as vilas, foi solicitado tamb\u00e9m uma bomba e tubula\u00e7\u00e3o de PVC para substituir a rede da Sizinio Galv\u00e3o, que leva \u00e1gua da casa de bombas da Vila Riach\u00e3o at\u00e9 aos reservat\u00f3rios para abastecimento das vilas.<\/strong><\/p>\n<p><strong>Durante a sua estadia na capital do estado, Lek\u00e3o participou tamb\u00e9m da 1\u00aa CONSTRU NORDESTE &#8211; Feira da Constru\u00e7\u00e3o e Arquitetura do Nordeste, realizada em Salvador.\u00a0<\/strong><\/p>\n\n\t\t<style type=\"text\/css\">\n\t\t\t#gallery-1 {\n\t\t\t\tmargin: auto;\n\t\t\t}\n\t\t\t#gallery-1 .gallery-item {\n\t\t\t\tfloat: left;\n\t\t\t\tmargin-top: 10px;\n\t\t\t\ttext-align: center;\n\t\t\t\twidth: 33%;\n\t\t\t}\n\t\t\t#gallery-1 img {\n\t\t\t\tborder: 2px solid #cfcfcf;\n\t\t\t}\n\t\t\t#gallery-1 .gallery-caption {\n\t\t\t\tmargin-left: 0;\n\t\t\t}\n\t\t\t\/* see gallery_shortcode() in wp-includes\/media.php *\/\n\t\t<\/style>\n\t\t<div id='gallery-1' class='gallery galleryid-112884 gallery-columns-3 gallery-size-thumbnail'><dl class='gallery-item'>\n\t\t\t<dt class='gallery-icon portrait'>\n\t\t\t\t<a href='https:\/\/www.sudoestehoje.com.br\/novoportal\/2023\/09\/23\/vereador-lekao-solicita-emenda-a-deputado-para-construcao-de-reservatorio-de-agua-nas-vilas-e-esgotamento-no-recanto-da-colina\/whatsapp-image-2023-09-23-at-07-26-41\/'><img loading=\"lazy\" decoding=\"async\" width=\"150\" height=\"150\" src=\"https:\/\/www.sudoestehoje.com.br\/novoportal\/wp-content\/uploads\/2023\/09\/WhatsApp-Image-2023-09-23-at-07.26.41-150x150.jpeg\" class=\"attachment-thumbnail size-thumbnail\" alt=\"\" srcset=\"https:\/\/www.sudoestehoje.com.br\/novoportal\/wp-content\/uploads\/2023\/09\/WhatsApp-Image-2023-09-23-at-07.26.41-150x150.jpeg 150w, https:\/\/www.sudoestehoje.com.br\/novoportal\/wp-content\/uploads\/2023\/09\/WhatsApp-Image-2023-09-23-at-07.26.41-600x602.jpeg 600w, https:\/\/www.sudoestehoje.com.br\/novoportal\/wp-content\/uploads\/2023\/09\/WhatsApp-Image-2023-09-23-at-07.26.41-700x702.jpeg 700w, https:\/\/www.sudoestehoje.com.br\/novoportal\/wp-content\/uploads\/2023\/09\/WhatsApp-Image-2023-09-23-at-07.26.41.jpeg 720w\" sizes=\"auto, (max-width: 150px) 100vw, 150px\" \/><\/a>\n\t\t\t<\/dt><\/dl><dl class='gallery-item'>\n\t\t\t<dt class='gallery-icon landscape'>\n\t\t\t\t<a href='https:\/\/www.sudoestehoje.com.br\/novoportal\/2023\/09\/23\/vereador-lekao-solicita-emenda-a-deputado-para-construcao-de-reservatorio-de-agua-nas-vilas-e-esgotamento-no-recanto-da-colina\/whatsapp-image-2023-09-23-at-07-28-09\/'><img loading=\"lazy\" decoding=\"async\" width=\"150\" height=\"150\" src=\"https:\/\/www.sudoestehoje.com.br\/novoportal\/wp-content\/uploads\/2023\/09\/WhatsApp-Image-2023-09-23-at-07.28.09-150x150.jpeg\" class=\"attachment-thumbnail size-thumbnail\" alt=\"\" \/><\/a>\n\t\t\t<\/dt><\/dl><dl class='gallery-item'>\n\t\t\t<dt class='gallery-icon landscape'>\n\t\t\t\t<a href='https:\/\/www.sudoestehoje.com.br\/novoportal\/2023\/09\/21\/itapetinga-eduardo-hagge-participa-com-rodrigo-de-reuniao-para-discutir-obras-em-salvador\/c387a0cd-447a-4e1e-a945-2a6ac98f0220\/'><img loading=\"lazy\" decoding=\"async\" width=\"150\" height=\"150\" src=\"https:\/\/www.sudoestehoje.com.br\/novoportal\/wp-content\/uploads\/2023\/09\/c387a0cd-447a-4e1e-a945-2a6ac98f0220-150x150.jpg\" class=\"attachment-thumbnail size-thumbnail\" alt=\"\" \/><\/a>\n\t\t\t<\/dt><\/dl><br style=\"clear: both\" \/>\n\t\t<\/div>\n\n<p><em><strong>Reda\u00e7\u00e3o SH<\/strong><\/em><\/p>\n","protected":false},"excerpt":{"rendered":"<p>Estreante na C\u00e2mara Municipal de Itapetinga, o vereador Alex Dutra, o Lek\u00e3o, j\u00e1 come\u00e7a a &#8221;mostrar servi\u00e7o&#8221; como representante da comunidade. Em audi\u00eancia com o deputado federal F\u00e9lix Mendon\u00e7a (PDT), na \u00faltima quinta-feira (21), Lek\u00e3o solicitou a inclus\u00e3o de Emenda Parlamentar ao Or\u00e7amento Geral da Uni\u00e3o para implanta\u00e7\u00e3o do esgotamento sanit\u00e1rio do bairro Recanto da [&hellip;]<\/p>\n","protected":false},"author":2,"featured_media":112889,"comment_status":"closed","ping_status":"open","sticky":false,"template":"","format":"standard","meta":{"footnotes":"","_links_to":"","_links_to_target":""},"categories":[1],"tags":[],"class_list":["post-112884","post","type-post","status-publish","format-standard","has-post-thumbnail","hentry","category-geral"],"views":1095,"_links":{"self":[{"href":"https:\/\/www.sudoestehoje.com.br\/novoportal\/wp-json\/wp\/v2\/posts\/112884","targetHints":{"allow":["GET"]}}],"collection":[{"href":"https:\/\/www.sudoestehoje.com.br\/novoportal\/wp-json\/wp\/v2\/posts"}],"about":[{"href":"https:\/\/www.sudoestehoje.com.br\/novoportal\/wp-json\/wp\/v2\/types\/post"}],"author":[{"embeddable":true,"href":"https:\/\/www.sudoestehoje.com.br\/novoportal\/wp-json\/wp\/v2\/users\/2"}],"replies":[{"embeddable":true,"href":"https:\/\/www.sudoestehoje.com.br\/novoportal\/wp-json\/wp\/v2\/comments?post=112884"}],"version-history":[{"count":7,"href":"https:\/\/www.sudoestehoje.com.br\/novoportal\/wp-json\/wp\/v2\/posts\/112884\/revisions"}],"predecessor-version":[{"id":112895,"href":"https:\/\/www.sudoestehoje.com.br\/novoportal\/wp-json\/wp\/v2\/posts\/112884\/revisions\/112895"}],"wp:featuredmedia":[{"embeddable":true,"href":"https:\/\/www.sudoestehoje.com.br\/novoportal\/wp-json\/wp\/v2\/media\/112889"}],"wp:attachment":[{"href":"https:\/\/www.sudoestehoje.com.br\/novoportal\/wp-json\/wp\/v2\/media?parent=112884"}],"wp:term":[{"taxonomy":"category","embeddable":true,"href":"https:\/\/www.sudoestehoje.com.br\/novoportal\/wp-json\/wp\/v2\/categories?post=112884"},{"taxonomy":"post_tag","embeddable":true,"href":"https:\/\/www.sudoestehoje.com.br\/novoportal\/wp-json\/wp\/v2\/tags?post=112884"}],"curies":[{"name":"wp","href":"https:\/\/api.w.org\/{rel}","templated":true}]}}