
{"id":112878,"date":"2023-09-23T10:16:25","date_gmt":"2023-09-23T13:16:25","guid":{"rendered":"https:\/\/www.sudoestehoje.com.br\/novoportal\/?p=112878"},"modified":"2023-09-23T21:23:29","modified_gmt":"2023-09-24T00:23:29","slug":"itapetinga-empresaria-carol-ferreira-morre-aos-36-anos","status":"publish","type":"post","link":"https:\/\/www.sudoestehoje.com.br\/novoportal\/2023\/09\/23\/itapetinga-empresaria-carol-ferreira-morre-aos-36-anos\/","title":{"rendered":"ITAPETINGA | EMPRES\u00c1RIA KAROL FERREIRA MORRE AOS 36 ANOS"},"content":{"rendered":"\r\n\r\n\r\n<p><img loading=\"lazy\" decoding=\"async\" class=\"alignnone  wp-image-112880\" src=\"https:\/\/www.sudoestehoje.com.br\/novoportal\/wp-content\/uploads\/2023\/09\/IMG_20230923_092030_Pk2mghVs9I-660x400@2x-600x580.jpeg\" alt=\"\" width=\"551\" height=\"533\" srcset=\"https:\/\/www.sudoestehoje.com.br\/novoportal\/wp-content\/uploads\/2023\/09\/IMG_20230923_092030_Pk2mghVs9I-660x400@2x-600x580.jpeg 600w, https:\/\/www.sudoestehoje.com.br\/novoportal\/wp-content\/uploads\/2023\/09\/IMG_20230923_092030_Pk2mghVs9I-660x400@2x.jpeg 670w\" sizes=\"auto, (max-width: 551px) 100vw, 551px\" \/><\/p>\r\n<p><strong>Faleceu na madrugada deste s\u00e1bado, 23, aos 36 anos, a empres\u00e1ria Karoline Ferreira Leal Xavier.\u00a0Karolina era propriet\u00e1ria da Karol Semijoias, localizada na Pra\u00e7a Dairy Valey, no centro de Itapetinga.\u00a0Karol estava hospitalizada em tratamento oncol\u00f3gico. E n\u00e3o resistiu aos graves problemas de sa\u00fade. Karol deixa seu esposo e um filho.<\/strong><\/p>\r\n<p><strong>Em nota divulgadas em deus site oficial, a Prefeitura de Itapetinga lamentou a morte.<\/strong><\/p>\r\n<p><strong>\u201cFoi com enorme pesar que a Prefeitura de Itapetinga recebeu a not\u00edcia do falecimento de Karol Ferreira, filha da professora Rubenilda Ferreira, professora da Educa\u00e7\u00e3o Infantil e atual presidente do Conselho Municipal de Educa\u00e7\u00e3o.\u00a0<\/strong><strong>Itapetinga perde mais um dos seus jovens, mais uma empreendedora. Mais uma pessoa que tem seus sonhos e futuro interrompidos\u201d.<\/strong><\/p>\r\n<p><strong>O vel\u00f3rio e o sepultamento ser\u00e3o realizados em Itapetinga.<\/strong><\/p>\r\n<p><strong>\r\n\r\n<\/strong><\/p>\r\n<p><strong>O Sudoeste Hoje lamenta a perda da atuante empres\u00e1ria e estende seu pesar aos familiares e amigos.<\/strong><\/p>\r\n<p><strong>Reda\u00e7\u00e3o SH<\/strong><\/p>\r\n","protected":false},"excerpt":{"rendered":"<p>Faleceu na madrugada deste s\u00e1bado, 23, aos 36 anos, a empres\u00e1ria Karoline Ferreira Leal Xavier.\u00a0Karolina era propriet\u00e1ria da Karol Semijoias, localizada na Pra\u00e7a Dairy Valey, no centro de Itapetinga.\u00a0Karol estava hospitalizada em tratamento oncol\u00f3gico. E n\u00e3o resistiu aos graves problemas de sa\u00fade. Karol deixa seu esposo e um filho. Em nota divulgadas em deus site [&hellip;]<\/p>\n","protected":false},"author":2,"featured_media":112880,"comment_status":"closed","ping_status":"open","sticky":false,"template":"","format":"standard","meta":{"footnotes":"","_links_to":"","_links_to_target":""},"categories":[1],"tags":[],"class_list":["post-112878","post","type-post","status-publish","format-standard","has-post-thumbnail","hentry","category-geral"],"views":1328,"_links":{"self":[{"href":"https:\/\/www.sudoestehoje.com.br\/novoportal\/wp-json\/wp\/v2\/posts\/112878","targetHints":{"allow":["GET"]}}],"collection":[{"href":"https:\/\/www.sudoestehoje.com.br\/novoportal\/wp-json\/wp\/v2\/posts"}],"about":[{"href":"https:\/\/www.sudoestehoje.com.br\/novoportal\/wp-json\/wp\/v2\/types\/post"}],"author":[{"embeddable":true,"href":"https:\/\/www.sudoestehoje.com.br\/novoportal\/wp-json\/wp\/v2\/users\/2"}],"replies":[{"embeddable":true,"href":"https:\/\/www.sudoestehoje.com.br\/novoportal\/wp-json\/wp\/v2\/comments?post=112878"}],"version-history":[{"count":6,"href":"https:\/\/www.sudoestehoje.com.br\/novoportal\/wp-json\/wp\/v2\/posts\/112878\/revisions"}],"predecessor-version":[{"id":112898,"href":"https:\/\/www.sudoestehoje.com.br\/novoportal\/wp-json\/wp\/v2\/posts\/112878\/revisions\/112898"}],"wp:featuredmedia":[{"embeddable":true,"href":"https:\/\/www.sudoestehoje.com.br\/novoportal\/wp-json\/wp\/v2\/media\/112880"}],"wp:attachment":[{"href":"https:\/\/www.sudoestehoje.com.br\/novoportal\/wp-json\/wp\/v2\/media?parent=112878"}],"wp:term":[{"taxonomy":"category","embeddable":true,"href":"https:\/\/www.sudoestehoje.com.br\/novoportal\/wp-json\/wp\/v2\/categories?post=112878"},{"taxonomy":"post_tag","embeddable":true,"href":"https:\/\/www.sudoestehoje.com.br\/novoportal\/wp-json\/wp\/v2\/tags?post=112878"}],"curies":[{"name":"wp","href":"https:\/\/api.w.org\/{rel}","templated":true}]}}