
{"id":112848,"date":"2023-09-22T09:19:45","date_gmt":"2023-09-22T12:19:45","guid":{"rendered":"https:\/\/www.sudoestehoje.com.br\/novoportal\/?p=112848"},"modified":"2023-09-22T10:17:27","modified_gmt":"2023-09-22T13:17:27","slug":"coopardo-recebe-visita-de-representantes-da-ocep-e-cooperativas-da-bahia","status":"publish","type":"post","link":"https:\/\/www.sudoestehoje.com.br\/novoportal\/2023\/09\/22\/coopardo-recebe-visita-de-representantes-da-ocep-e-cooperativas-da-bahia\/","title":{"rendered":"COOPARDO RECEBE VISITA DE REPRESENTANTES DA OCEP E COOPERATIVAS DA BAHIA"},"content":{"rendered":"<p><img loading=\"lazy\" decoding=\"async\" class=\"alignnone wp-image-112849\" src=\"https:\/\/www.sudoestehoje.com.br\/novoportal\/wp-content\/uploads\/2023\/09\/1a759226-ef56-48e2-92f3-7bf3479dd714-600x338.jpg\" alt=\"\" width=\"549\" height=\"309\" srcset=\"https:\/\/www.sudoestehoje.com.br\/novoportal\/wp-content\/uploads\/2023\/09\/1a759226-ef56-48e2-92f3-7bf3479dd714-600x338.jpg 600w, https:\/\/www.sudoestehoje.com.br\/novoportal\/wp-content\/uploads\/2023\/09\/1a759226-ef56-48e2-92f3-7bf3479dd714-700x395.jpg 700w, https:\/\/www.sudoestehoje.com.br\/novoportal\/wp-content\/uploads\/2023\/09\/1a759226-ef56-48e2-92f3-7bf3479dd714-768x433.jpg 768w, https:\/\/www.sudoestehoje.com.br\/novoportal\/wp-content\/uploads\/2023\/09\/1a759226-ef56-48e2-92f3-7bf3479dd714.jpg 954w\" sizes=\"auto, (max-width: 549px) 100vw, 549px\" \/><\/p>\n<p><strong>Nesta quinta-feira (21) a COOPARDO recebeu em sua sede em Itapetinga, representantes da OCEB &#8211; Organiza\u00e7\u00e3o das Cooperativas da Bahia, juntamente c representa\u00e7\u00e3o de v\u00e1rias Cooperativas da Bahia. <\/strong><\/p>\n<p><strong>O evento, que contou com a participa\u00e7\u00e3o das agropecuaristas, conselheiros e colaboradores da Coopardo, iniciou com um Forum na Coopmac, em Vit\u00f3ria da Conquista, sendo finalizado Coopardo, em Itapetinga.<\/strong><\/p>\n<p><strong><em>&#8220;Foi um belo evento, que trouxe novas ideias e experi\u00eancias do grupo e a diretoria da Coopardo. Agradecemos a todos participantes&#8221;<\/em>, concluiu Alex Coelho, diretor presidente da cooperativa.\u00a0<\/strong><\/p>\n<p><strong>O Sindicato e Organiza\u00e7\u00e3o das Cooperativas do Estado da Bahia &#8211; OCEB representa as cooperativas baianas perante o poder p\u00fablico e a sociedade civil, na defesa de seus interesses e na promo\u00e7\u00e3o da atividade cooperativista. Al\u00e9m disso, a OCEB realiza apoio t\u00e9cnico consultivo ao poder p\u00fablico quando h\u00e1 interesse do Cooperativismo.<\/strong><\/p>\n\n\t\t<style type=\"text\/css\">\n\t\t\t#gallery-1 {\n\t\t\t\tmargin: auto;\n\t\t\t}\n\t\t\t#gallery-1 .gallery-item {\n\t\t\t\tfloat: left;\n\t\t\t\tmargin-top: 10px;\n\t\t\t\ttext-align: center;\n\t\t\t\twidth: 33%;\n\t\t\t}\n\t\t\t#gallery-1 img {\n\t\t\t\tborder: 2px solid #cfcfcf;\n\t\t\t}\n\t\t\t#gallery-1 .gallery-caption {\n\t\t\t\tmargin-left: 0;\n\t\t\t}\n\t\t\t\/* see gallery_shortcode() in wp-includes\/media.php *\/\n\t\t<\/style>\n\t\t<div id='gallery-1' class='gallery galleryid-112848 gallery-columns-3 gallery-size-thumbnail'><dl class='gallery-item'>\n\t\t\t<dt class='gallery-icon landscape'>\n\t\t\t\t<a href='https:\/\/www.sudoestehoje.com.br\/novoportal\/2023\/09\/22\/coopardo-recebe-visita-de-representantes-da-ocep-e-cooperativas-da-bahia\/0d8c9924-ce64-49b8-bfd2-cb6d107b521d\/'><img loading=\"lazy\" decoding=\"async\" width=\"150\" height=\"150\" src=\"https:\/\/www.sudoestehoje.com.br\/novoportal\/wp-content\/uploads\/2023\/09\/0d8c9924-ce64-49b8-bfd2-cb6d107b521d-150x150.jpg\" class=\"attachment-thumbnail size-thumbnail\" alt=\"\" \/><\/a>\n\t\t\t<\/dt><\/dl><dl class='gallery-item'>\n\t\t\t<dt class='gallery-icon landscape'>\n\t\t\t\t<a href='https:\/\/www.sudoestehoje.com.br\/novoportal\/2023\/09\/22\/coopardo-recebe-visita-de-representantes-da-ocep-e-cooperativas-da-bahia\/db2c1540-5082-4ff1-871a-8de50a91c91d\/'><img loading=\"lazy\" decoding=\"async\" width=\"150\" height=\"150\" src=\"https:\/\/www.sudoestehoje.com.br\/novoportal\/wp-content\/uploads\/2023\/09\/db2c1540-5082-4ff1-871a-8de50a91c91d-150x150.jpg\" class=\"attachment-thumbnail size-thumbnail\" alt=\"\" \/><\/a>\n\t\t\t<\/dt><\/dl><dl class='gallery-item'>\n\t\t\t<dt class='gallery-icon landscape'>\n\t\t\t\t<a href='https:\/\/www.sudoestehoje.com.br\/novoportal\/2023\/09\/22\/coopardo-recebe-visita-de-representantes-da-ocep-e-cooperativas-da-bahia\/27ae3c0e-8faf-4084-a1d2-ecf25aa6a92a-2\/'><img loading=\"lazy\" decoding=\"async\" width=\"150\" height=\"150\" src=\"https:\/\/www.sudoestehoje.com.br\/novoportal\/wp-content\/uploads\/2023\/09\/27ae3c0e-8faf-4084-a1d2-ecf25aa6a92a-1-150x150.jpg\" class=\"attachment-thumbnail size-thumbnail\" alt=\"\" \/><\/a>\n\t\t\t<\/dt><\/dl><br style=\"clear: both\" \/><dl class='gallery-item'>\n\t\t\t<dt class='gallery-icon landscape'>\n\t\t\t\t<a href='https:\/\/www.sudoestehoje.com.br\/novoportal\/2023\/09\/22\/coopardo-recebe-visita-de-representantes-da-ocep-e-cooperativas-da-bahia\/18f07e1c-dc5b-4c49-bfd1-18380a46ce5b-2\/'><img loading=\"lazy\" decoding=\"async\" width=\"150\" height=\"150\" src=\"https:\/\/www.sudoestehoje.com.br\/novoportal\/wp-content\/uploads\/2023\/09\/18f07e1c-dc5b-4c49-bfd1-18380a46ce5b-1-150x150.jpg\" class=\"attachment-thumbnail size-thumbnail\" alt=\"\" \/><\/a>\n\t\t\t<\/dt><\/dl><dl class='gallery-item'>\n\t\t\t<dt class='gallery-icon landscape'>\n\t\t\t\t<a href='https:\/\/www.sudoestehoje.com.br\/novoportal\/2023\/09\/22\/coopardo-recebe-visita-de-representantes-da-ocep-e-cooperativas-da-bahia\/be0fc550-8474-480a-8494-daaa2999ecff\/'><img loading=\"lazy\" decoding=\"async\" width=\"150\" height=\"150\" src=\"https:\/\/www.sudoestehoje.com.br\/novoportal\/wp-content\/uploads\/2023\/09\/be0fc550-8474-480a-8494-daaa2999ecff-150x150.jpg\" class=\"attachment-thumbnail size-thumbnail\" alt=\"\" \/><\/a>\n\t\t\t<\/dt><\/dl><dl class='gallery-item'>\n\t\t\t<dt class='gallery-icon landscape'>\n\t\t\t\t<a href='https:\/\/www.sudoestehoje.com.br\/novoportal\/2023\/09\/22\/coopardo-recebe-visita-de-representantes-da-ocep-e-cooperativas-da-bahia\/1a759226-ef56-48e2-92f3-7bf3479dd714\/'><img loading=\"lazy\" decoding=\"async\" width=\"150\" height=\"150\" src=\"https:\/\/www.sudoestehoje.com.br\/novoportal\/wp-content\/uploads\/2023\/09\/1a759226-ef56-48e2-92f3-7bf3479dd714-150x150.jpg\" class=\"attachment-thumbnail size-thumbnail\" alt=\"\" \/><\/a>\n\t\t\t<\/dt><\/dl><br style=\"clear: both\" \/>\n\t\t<\/div>\n\n<p><strong>Reda\u00e7\u00e3o SH<\/strong><\/p>\n","protected":false},"excerpt":{"rendered":"<p>Nesta quinta-feira (21) a COOPARDO recebeu em sua sede em Itapetinga, representantes da OCEB &#8211; Organiza\u00e7\u00e3o das Cooperativas da Bahia, juntamente c representa\u00e7\u00e3o de v\u00e1rias Cooperativas da Bahia. O evento, que contou com a participa\u00e7\u00e3o das agropecuaristas, conselheiros e colaboradores da Coopardo, iniciou com um Forum na Coopmac, em Vit\u00f3ria da Conquista, sendo finalizado Coopardo, [&hellip;]<\/p>\n","protected":false},"author":2,"featured_media":112849,"comment_status":"closed","ping_status":"open","sticky":false,"template":"","format":"standard","meta":{"footnotes":"","_links_to":"","_links_to_target":""},"categories":[1],"tags":[],"class_list":["post-112848","post","type-post","status-publish","format-standard","has-post-thumbnail","hentry","category-geral"],"views":573,"_links":{"self":[{"href":"https:\/\/www.sudoestehoje.com.br\/novoportal\/wp-json\/wp\/v2\/posts\/112848","targetHints":{"allow":["GET"]}}],"collection":[{"href":"https:\/\/www.sudoestehoje.com.br\/novoportal\/wp-json\/wp\/v2\/posts"}],"about":[{"href":"https:\/\/www.sudoestehoje.com.br\/novoportal\/wp-json\/wp\/v2\/types\/post"}],"author":[{"embeddable":true,"href":"https:\/\/www.sudoestehoje.com.br\/novoportal\/wp-json\/wp\/v2\/users\/2"}],"replies":[{"embeddable":true,"href":"https:\/\/www.sudoestehoje.com.br\/novoportal\/wp-json\/wp\/v2\/comments?post=112848"}],"version-history":[{"count":3,"href":"https:\/\/www.sudoestehoje.com.br\/novoportal\/wp-json\/wp\/v2\/posts\/112848\/revisions"}],"predecessor-version":[{"id":112859,"href":"https:\/\/www.sudoestehoje.com.br\/novoportal\/wp-json\/wp\/v2\/posts\/112848\/revisions\/112859"}],"wp:featuredmedia":[{"embeddable":true,"href":"https:\/\/www.sudoestehoje.com.br\/novoportal\/wp-json\/wp\/v2\/media\/112849"}],"wp:attachment":[{"href":"https:\/\/www.sudoestehoje.com.br\/novoportal\/wp-json\/wp\/v2\/media?parent=112848"}],"wp:term":[{"taxonomy":"category","embeddable":true,"href":"https:\/\/www.sudoestehoje.com.br\/novoportal\/wp-json\/wp\/v2\/categories?post=112848"},{"taxonomy":"post_tag","embeddable":true,"href":"https:\/\/www.sudoestehoje.com.br\/novoportal\/wp-json\/wp\/v2\/tags?post=112848"}],"curies":[{"name":"wp","href":"https:\/\/api.w.org\/{rel}","templated":true}]}}