
{"id":112838,"date":"2023-09-21T20:38:58","date_gmt":"2023-09-21T23:38:58","guid":{"rendered":"https:\/\/www.sudoestehoje.com.br\/novoportal\/?p=112838"},"modified":"2023-09-21T20:38:58","modified_gmt":"2023-09-21T23:38:58","slug":"por-9-votos-a-2-supremo-invalida-marco-temporal-para-demarcacao-de-terras-indigenas","status":"publish","type":"post","link":"https:\/\/www.sudoestehoje.com.br\/novoportal\/2023\/09\/21\/por-9-votos-a-2-supremo-invalida-marco-temporal-para-demarcacao-de-terras-indigenas\/","title":{"rendered":"POR 9 VOTOS A 2, SUPREMO INVALIDA &#8216;MARCO TEMPORAL&#8217; PARA DEMARCA\u00c7\u00c3O DE TERRAS IND\u00cdGENAS"},"content":{"rendered":"<p><img loading=\"lazy\" decoding=\"async\" class=\"alignnone  wp-image-112840\" src=\"https:\/\/www.sudoestehoje.com.br\/novoportal\/wp-content\/uploads\/2023\/09\/INDIOS.jpg\" alt=\"\" width=\"550\" height=\"385\" \/><\/p>\n<p><strong>Por votos 9 votos a 2, o Supremo Tribunal Federal (STF) julgou inconstitucional a tese do marco temporal para demarca\u00e7\u00e3o de terras ind\u00edgenas. A decis\u00e3o foi obtida nesta quinta-feira (21), ap\u00f3s a 11\u00aa sess\u00e3o para julgar o caso.<\/strong><\/p>\n<p><strong>Pela decis\u00e3o, fica invalidada a tese, que \u00e9 defendida por propriet\u00e1rios de terras. Antes do resultado conhecido hoje, as decis\u00f5es da Justi\u00e7a poderiam fixar que os ind\u00edgenas somente teriam direito \u00e0s terras que estavam em sua posse no dia 5 de outubro de 1988, data da promulga\u00e7\u00e3o da Constitui\u00e7\u00e3o Federal, ou que estavam em disputa judicial na \u00e9poca.<\/strong><\/p>\n<p><strong>O \u00faltimo voto da sess\u00e3o foi proferido pela presidente da Corte, ministra Rosa Weber. Segundo a ministra, a Constitui\u00e7\u00e3o garante que as terras tradicionalmente ocupadas pelos povos ind\u00edgenas s\u00e3o habitadas em car\u00e1ter permanente e fazem parte de seu patrim\u00f4nio cultural, n\u00e3o cabendo a limita\u00e7\u00e3o de um marco temporal.<\/strong><\/p>\n<p><strong>\u201cEu afasto a tese do marco temporal, acompanhando na \u00edntegra do voto do ministro Fachin [relator], reafirmando que a jurisprud\u00eancia da Corte Interamericana dos Direitos Humanos aponta para posse tradicional como fator para reconhecer aos ind\u00edgenas o direito as suas terras\u201d, declarou a ministra.<\/strong><\/p>\n<p><strong>O resultado do julgamento foi obtido com os ministros Alexandre de Moraes, Lu\u00eds Roberto Barroso, Edson Fachin, Cristiano Zanin, Dias Toffoli, Luiz Fux e Gilmar Mendes. Nunes Marques e Andr\u00e9 Mendon\u00e7a se manifestaram a favor do marco temporal.<\/strong><\/p>\n","protected":false},"excerpt":{"rendered":"<p>Por votos 9 votos a 2, o Supremo Tribunal Federal (STF) julgou inconstitucional a tese do marco temporal para demarca\u00e7\u00e3o de terras ind\u00edgenas. A decis\u00e3o foi obtida nesta quinta-feira (21), ap\u00f3s a 11\u00aa sess\u00e3o para julgar o caso. Pela decis\u00e3o, fica invalidada a tese, que \u00e9 defendida por propriet\u00e1rios de terras. Antes do resultado conhecido [&hellip;]<\/p>\n","protected":false},"author":2,"featured_media":112840,"comment_status":"closed","ping_status":"open","sticky":false,"template":"","format":"standard","meta":{"footnotes":"","_links_to":"","_links_to_target":""},"categories":[1],"tags":[],"class_list":["post-112838","post","type-post","status-publish","format-standard","has-post-thumbnail","hentry","category-geral"],"views":627,"_links":{"self":[{"href":"https:\/\/www.sudoestehoje.com.br\/novoportal\/wp-json\/wp\/v2\/posts\/112838","targetHints":{"allow":["GET"]}}],"collection":[{"href":"https:\/\/www.sudoestehoje.com.br\/novoportal\/wp-json\/wp\/v2\/posts"}],"about":[{"href":"https:\/\/www.sudoestehoje.com.br\/novoportal\/wp-json\/wp\/v2\/types\/post"}],"author":[{"embeddable":true,"href":"https:\/\/www.sudoestehoje.com.br\/novoportal\/wp-json\/wp\/v2\/users\/2"}],"replies":[{"embeddable":true,"href":"https:\/\/www.sudoestehoje.com.br\/novoportal\/wp-json\/wp\/v2\/comments?post=112838"}],"version-history":[{"count":2,"href":"https:\/\/www.sudoestehoje.com.br\/novoportal\/wp-json\/wp\/v2\/posts\/112838\/revisions"}],"predecessor-version":[{"id":112841,"href":"https:\/\/www.sudoestehoje.com.br\/novoportal\/wp-json\/wp\/v2\/posts\/112838\/revisions\/112841"}],"wp:featuredmedia":[{"embeddable":true,"href":"https:\/\/www.sudoestehoje.com.br\/novoportal\/wp-json\/wp\/v2\/media\/112840"}],"wp:attachment":[{"href":"https:\/\/www.sudoestehoje.com.br\/novoportal\/wp-json\/wp\/v2\/media?parent=112838"}],"wp:term":[{"taxonomy":"category","embeddable":true,"href":"https:\/\/www.sudoestehoje.com.br\/novoportal\/wp-json\/wp\/v2\/categories?post=112838"},{"taxonomy":"post_tag","embeddable":true,"href":"https:\/\/www.sudoestehoje.com.br\/novoportal\/wp-json\/wp\/v2\/tags?post=112838"}],"curies":[{"name":"wp","href":"https:\/\/api.w.org\/{rel}","templated":true}]}}