
{"id":112832,"date":"2023-09-21T08:48:52","date_gmt":"2023-09-21T11:48:52","guid":{"rendered":"https:\/\/www.sudoestehoje.com.br\/novoportal\/?p=112832"},"modified":"2023-09-21T08:48:52","modified_gmt":"2023-09-21T11:48:52","slug":"ilheus-dois-homens-sao-presos-pela-pf-por-compartilharem-conteudos-sexuais-contra-menores-na-internet","status":"publish","type":"post","link":"https:\/\/www.sudoestehoje.com.br\/novoportal\/2023\/09\/21\/ilheus-dois-homens-sao-presos-pela-pf-por-compartilharem-conteudos-sexuais-contra-menores-na-internet\/","title":{"rendered":"ILH\u00c9US | DOIS HOMENS S\u00c3O PRESOS PELA PF POR COMPARTILHAREM CONTE\u00daDOS SEXUAIS CONTRA MENORES NA INTERNET"},"content":{"rendered":"<div id=\"chunk-7h807\">\n<div class=\"mc-column content-text active-extra-styles \" data-block-type=\"unstyled\" data-block-weight=\"53\" data-block-id=\"3\">\n<p data-track-category=\"Link no Texto\" data-track-links=\"\"><img loading=\"lazy\" decoding=\"async\" class=\"alignnone  wp-image-112834\" src=\"https:\/\/www.sudoestehoje.com.br\/novoportal\/wp-content\/uploads\/2023\/09\/whatsapp-image-2023-09-21-at-07.14.59-1--600x270.webp\" alt=\"\" width=\"551\" height=\"248\" srcset=\"https:\/\/www.sudoestehoje.com.br\/novoportal\/wp-content\/uploads\/2023\/09\/whatsapp-image-2023-09-21-at-07.14.59-1--600x270.webp 600w, https:\/\/www.sudoestehoje.com.br\/novoportal\/wp-content\/uploads\/2023\/09\/whatsapp-image-2023-09-21-at-07.14.59-1--700x315.webp 700w, https:\/\/www.sudoestehoje.com.br\/novoportal\/wp-content\/uploads\/2023\/09\/whatsapp-image-2023-09-21-at-07.14.59-1--768x346.webp 768w, https:\/\/www.sudoestehoje.com.br\/novoportal\/wp-content\/uploads\/2023\/09\/whatsapp-image-2023-09-21-at-07.14.59-1-.webp 984w\" sizes=\"auto, (max-width: 551px) 100vw, 551px\" \/><\/p>\n<p class=\"content-text__container \" data-track-category=\"Link no Texto\" data-track-links=\"\"><strong>Dois homens foram presos durante uma opera\u00e7\u00e3o da Pol\u00edcia Federal, na manh\u00e3 desta quinta-feira (21), em\u00a0Ilh\u00e9us, cidade do sul da Bahia, contra suspeitos de compartilhar conte\u00fados de abusos sexuais na internet. Oito mandados de busca e apreens\u00e3o s\u00e3o cumpridos em tr\u00eas cidades do sul do estado e na capital de\u00a0S\u00e3o Paulo.<\/strong><\/p>\n<\/div>\n<\/div>\n<div class=\"wall protected-content\">\n<div id=\"chunk-99mtg\">\n<div class=\"mc-column content-text active-extra-styles\" data-block-type=\"raw\" data-block-weight=\"10\" data-block-id=\"4\">\n<p><strong>Segundo a PF, o objetivo da opera\u00e7\u00e3o \u201cOpera\u00e7\u00e3o Protetores da Inf\u00e2ncia\u201d \u00e9 combater o armazenamento e distribui\u00e7\u00e3o de arquivos, imagens e v\u00eddeos com conte\u00fado relacionado ao abuso sexual infantojuvenil nas redes sociais.<\/strong><\/p>\n<\/div>\n<\/div>\n<div id=\"chunk-eok8b\">\n<div class=\"mc-column content-text active-extra-styles \" data-block-type=\"unstyled\" data-block-weight=\"35\" data-block-id=\"6\">\n<p class=\"content-text__container \" data-track-category=\"Link no Texto\" data-track-links=\"\"><strong>Os mandados de busca e apreens\u00e3o foram pedidos pela Delegacia da Pol\u00edcia Federal de Ilh\u00e9us, aceitos pela Justi\u00e7a Federal e s\u00e3o cumpridos nos munic\u00edpios de de Ilh\u00e9us,\u00a0Itabuna,\u00a0Presidente Tancredo Neves\u00a0e na capital paulista.<\/strong><\/p>\n<\/div>\n<\/div>\n<\/div>\n","protected":false},"excerpt":{"rendered":"<p>Dois homens foram presos durante uma opera\u00e7\u00e3o da Pol\u00edcia Federal, na manh\u00e3 desta quinta-feira (21), em\u00a0Ilh\u00e9us, cidade do sul da Bahia, contra suspeitos de compartilhar conte\u00fados de abusos sexuais na internet. Oito mandados de busca e apreens\u00e3o s\u00e3o cumpridos em tr\u00eas cidades do sul do estado e na capital de\u00a0S\u00e3o Paulo. Segundo a PF, o [&hellip;]<\/p>\n","protected":false},"author":2,"featured_media":112834,"comment_status":"closed","ping_status":"open","sticky":false,"template":"","format":"standard","meta":{"footnotes":"","_links_to":"","_links_to_target":""},"categories":[1],"tags":[],"class_list":["post-112832","post","type-post","status-publish","format-standard","has-post-thumbnail","hentry","category-geral"],"views":622,"_links":{"self":[{"href":"https:\/\/www.sudoestehoje.com.br\/novoportal\/wp-json\/wp\/v2\/posts\/112832","targetHints":{"allow":["GET"]}}],"collection":[{"href":"https:\/\/www.sudoestehoje.com.br\/novoportal\/wp-json\/wp\/v2\/posts"}],"about":[{"href":"https:\/\/www.sudoestehoje.com.br\/novoportal\/wp-json\/wp\/v2\/types\/post"}],"author":[{"embeddable":true,"href":"https:\/\/www.sudoestehoje.com.br\/novoportal\/wp-json\/wp\/v2\/users\/2"}],"replies":[{"embeddable":true,"href":"https:\/\/www.sudoestehoje.com.br\/novoportal\/wp-json\/wp\/v2\/comments?post=112832"}],"version-history":[{"count":2,"href":"https:\/\/www.sudoestehoje.com.br\/novoportal\/wp-json\/wp\/v2\/posts\/112832\/revisions"}],"predecessor-version":[{"id":112835,"href":"https:\/\/www.sudoestehoje.com.br\/novoportal\/wp-json\/wp\/v2\/posts\/112832\/revisions\/112835"}],"wp:featuredmedia":[{"embeddable":true,"href":"https:\/\/www.sudoestehoje.com.br\/novoportal\/wp-json\/wp\/v2\/media\/112834"}],"wp:attachment":[{"href":"https:\/\/www.sudoestehoje.com.br\/novoportal\/wp-json\/wp\/v2\/media?parent=112832"}],"wp:term":[{"taxonomy":"category","embeddable":true,"href":"https:\/\/www.sudoestehoje.com.br\/novoportal\/wp-json\/wp\/v2\/categories?post=112832"},{"taxonomy":"post_tag","embeddable":true,"href":"https:\/\/www.sudoestehoje.com.br\/novoportal\/wp-json\/wp\/v2\/tags?post=112832"}],"curies":[{"name":"wp","href":"https:\/\/api.w.org\/{rel}","templated":true}]}}