
{"id":112828,"date":"2023-09-21T08:40:18","date_gmt":"2023-09-21T11:40:18","guid":{"rendered":"https:\/\/www.sudoestehoje.com.br\/novoportal\/?p=112828"},"modified":"2023-09-21T08:40:18","modified_gmt":"2023-09-21T11:40:18","slug":"dia-de-chuva-fina-na-reta-final-do-inverno","status":"publish","type":"post","link":"https:\/\/www.sudoestehoje.com.br\/novoportal\/2023\/09\/21\/dia-de-chuva-fina-na-reta-final-do-inverno\/","title":{"rendered":"DIA DE CHUVA FINA NA RETA FINAL DO INVERNO"},"content":{"rendered":"<p><img loading=\"lazy\" decoding=\"async\" class=\"alignnone  wp-image-112829\" src=\"https:\/\/www.sudoestehoje.com.br\/novoportal\/wp-content\/uploads\/2023\/09\/91b8c75a-d839-4b15-b726-8b262a44cec8-600x338.jpg\" alt=\"\" width=\"550\" height=\"310\" srcset=\"https:\/\/www.sudoestehoje.com.br\/novoportal\/wp-content\/uploads\/2023\/09\/91b8c75a-d839-4b15-b726-8b262a44cec8-600x338.jpg 600w, https:\/\/www.sudoestehoje.com.br\/novoportal\/wp-content\/uploads\/2023\/09\/91b8c75a-d839-4b15-b726-8b262a44cec8-700x394.jpg 700w, https:\/\/www.sudoestehoje.com.br\/novoportal\/wp-content\/uploads\/2023\/09\/91b8c75a-d839-4b15-b726-8b262a44cec8-768x432.jpg 768w, https:\/\/www.sudoestehoje.com.br\/novoportal\/wp-content\/uploads\/2023\/09\/91b8c75a-d839-4b15-b726-8b262a44cec8-1536x865.jpg 1536w, https:\/\/www.sudoestehoje.com.br\/novoportal\/wp-content\/uploads\/2023\/09\/91b8c75a-d839-4b15-b726-8b262a44cec8.jpg 1600w\" sizes=\"auto, (max-width: 550px) 100vw, 550px\" \/><\/p>\n<p><strong>Faltando apenas dois dias para o fim do Inverno mais quente da hist\u00f3ria, uma chuvinha fina cai sobre Itapetinga e parte da regi\u00e3o M\u00e9dio Sudoeste, nesta quinta (21).<\/strong><\/p>\n<p><strong>Nas \u00faltimas semanas, o tempo tem ficado bastante inst\u00e1vel, com dias de chuva fraquinha e outros de sol, mas as temperaturas altas clima abafado t\u00eam predominado nesta regi\u00e3o.<\/strong><\/p>\n<p><strong>De acordo com o Climatempo, a chegada da Primavera deve trazer temperaturas bem mais altas, a partir de outubro.<\/strong><\/p>\n<p><strong>Reda\u00e7\u00e3o SH\u00a0<\/strong><\/p>\n","protected":false},"excerpt":{"rendered":"<p>Faltando apenas dois dias para o fim do Inverno mais quente da hist\u00f3ria, uma chuvinha fina cai sobre Itapetinga e parte da regi\u00e3o M\u00e9dio Sudoeste, nesta quinta (21). Nas \u00faltimas semanas, o tempo tem ficado bastante inst\u00e1vel, com dias de chuva fraquinha e outros de sol, mas as temperaturas altas clima abafado t\u00eam predominado nesta [&hellip;]<\/p>\n","protected":false},"author":2,"featured_media":112829,"comment_status":"closed","ping_status":"open","sticky":false,"template":"","format":"standard","meta":{"footnotes":"","_links_to":"","_links_to_target":""},"categories":[1],"tags":[],"class_list":["post-112828","post","type-post","status-publish","format-standard","has-post-thumbnail","hentry","category-geral"],"views":680,"_links":{"self":[{"href":"https:\/\/www.sudoestehoje.com.br\/novoportal\/wp-json\/wp\/v2\/posts\/112828","targetHints":{"allow":["GET"]}}],"collection":[{"href":"https:\/\/www.sudoestehoje.com.br\/novoportal\/wp-json\/wp\/v2\/posts"}],"about":[{"href":"https:\/\/www.sudoestehoje.com.br\/novoportal\/wp-json\/wp\/v2\/types\/post"}],"author":[{"embeddable":true,"href":"https:\/\/www.sudoestehoje.com.br\/novoportal\/wp-json\/wp\/v2\/users\/2"}],"replies":[{"embeddable":true,"href":"https:\/\/www.sudoestehoje.com.br\/novoportal\/wp-json\/wp\/v2\/comments?post=112828"}],"version-history":[{"count":2,"href":"https:\/\/www.sudoestehoje.com.br\/novoportal\/wp-json\/wp\/v2\/posts\/112828\/revisions"}],"predecessor-version":[{"id":112831,"href":"https:\/\/www.sudoestehoje.com.br\/novoportal\/wp-json\/wp\/v2\/posts\/112828\/revisions\/112831"}],"wp:featuredmedia":[{"embeddable":true,"href":"https:\/\/www.sudoestehoje.com.br\/novoportal\/wp-json\/wp\/v2\/media\/112829"}],"wp:attachment":[{"href":"https:\/\/www.sudoestehoje.com.br\/novoportal\/wp-json\/wp\/v2\/media?parent=112828"}],"wp:term":[{"taxonomy":"category","embeddable":true,"href":"https:\/\/www.sudoestehoje.com.br\/novoportal\/wp-json\/wp\/v2\/categories?post=112828"},{"taxonomy":"post_tag","embeddable":true,"href":"https:\/\/www.sudoestehoje.com.br\/novoportal\/wp-json\/wp\/v2\/tags?post=112828"}],"curies":[{"name":"wp","href":"https:\/\/api.w.org\/{rel}","templated":true}]}}