
{"id":112825,"date":"2023-09-20T19:39:05","date_gmt":"2023-09-20T22:39:05","guid":{"rendered":"https:\/\/www.sudoestehoje.com.br\/novoportal\/?p=112825"},"modified":"2023-09-20T19:39:05","modified_gmt":"2023-09-20T22:39:05","slug":"faustao-volta-a-ser-internado-apos-passar-mal-em-sua-residencia","status":"publish","type":"post","link":"https:\/\/www.sudoestehoje.com.br\/novoportal\/2023\/09\/20\/faustao-volta-a-ser-internado-apos-passar-mal-em-sua-residencia\/","title":{"rendered":"FAUST\u00c3O VOLTA A SER INTERNADO AP\u00d3S PASSAR MAL EM SUA RESID\u00caNCIA"},"content":{"rendered":"<p><img loading=\"lazy\" decoding=\"async\" class=\"alignnone  wp-image-112826\" src=\"https:\/\/www.sudoestehoje.com.br\/novoportal\/wp-content\/uploads\/2023\/09\/faustao-passa-mal-e-e-internado-as-pressas-600x338.webp\" alt=\"\" width=\"550\" height=\"310\" srcset=\"https:\/\/www.sudoestehoje.com.br\/novoportal\/wp-content\/uploads\/2023\/09\/faustao-passa-mal-e-e-internado-as-pressas-600x338.webp 600w, https:\/\/www.sudoestehoje.com.br\/novoportal\/wp-content\/uploads\/2023\/09\/faustao-passa-mal-e-e-internado-as-pressas-700x394.webp 700w, https:\/\/www.sudoestehoje.com.br\/novoportal\/wp-content\/uploads\/2023\/09\/faustao-passa-mal-e-e-internado-as-pressas-768x432.webp 768w, https:\/\/www.sudoestehoje.com.br\/novoportal\/wp-content\/uploads\/2023\/09\/faustao-passa-mal-e-e-internado-as-pressas.webp 1280w\" sizes=\"auto, (max-width: 550px) 100vw, 550px\" \/><\/p>\n<p><strong>Faust\u00e3o voltou a ser internado, nesta quarta-feira (20), dez dias ap\u00f3s receber alta hospitalar. Segundo o IG, o apresentador passou mal em sua casa e precisou ser levado \u00e0s pressas ao centro m\u00e9dico.<\/strong><\/p>\n<p><strong>Procurado, o Hospital Albert Einstein, onde ele foi submetido ao transplante de cora\u00e7\u00e3o, contou n\u00e3o ter informa\u00e7\u00f5es sobre uma nova interna\u00e7\u00e3o de Fausto. Os parentes de Faust\u00e3o tamb\u00e9m n\u00e3o se pronunciaram sobre o assunto.<\/strong><\/p>\n<p><strong>O motivo da interna\u00e7\u00e3o ainda \u00e9 desconhecido. No dia 27 de agosto, Fausto recebeu o transplante de cora\u00e7\u00e3o. Depois de ficar em observa\u00e7\u00e3o, ele recebeu alta no dia 10 de setembro.<\/strong><\/p>\n","protected":false},"excerpt":{"rendered":"<p>Faust\u00e3o voltou a ser internado, nesta quarta-feira (20), dez dias ap\u00f3s receber alta hospitalar. Segundo o IG, o apresentador passou mal em sua casa e precisou ser levado \u00e0s pressas ao centro m\u00e9dico. Procurado, o Hospital Albert Einstein, onde ele foi submetido ao transplante de cora\u00e7\u00e3o, contou n\u00e3o ter informa\u00e7\u00f5es sobre uma nova interna\u00e7\u00e3o de [&hellip;]<\/p>\n","protected":false},"author":2,"featured_media":112826,"comment_status":"closed","ping_status":"open","sticky":false,"template":"","format":"standard","meta":{"footnotes":"","_links_to":"","_links_to_target":""},"categories":[1],"tags":[],"class_list":["post-112825","post","type-post","status-publish","format-standard","has-post-thumbnail","hentry","category-geral"],"views":1217,"_links":{"self":[{"href":"https:\/\/www.sudoestehoje.com.br\/novoportal\/wp-json\/wp\/v2\/posts\/112825","targetHints":{"allow":["GET"]}}],"collection":[{"href":"https:\/\/www.sudoestehoje.com.br\/novoportal\/wp-json\/wp\/v2\/posts"}],"about":[{"href":"https:\/\/www.sudoestehoje.com.br\/novoportal\/wp-json\/wp\/v2\/types\/post"}],"author":[{"embeddable":true,"href":"https:\/\/www.sudoestehoje.com.br\/novoportal\/wp-json\/wp\/v2\/users\/2"}],"replies":[{"embeddable":true,"href":"https:\/\/www.sudoestehoje.com.br\/novoportal\/wp-json\/wp\/v2\/comments?post=112825"}],"version-history":[{"count":1,"href":"https:\/\/www.sudoestehoje.com.br\/novoportal\/wp-json\/wp\/v2\/posts\/112825\/revisions"}],"predecessor-version":[{"id":112827,"href":"https:\/\/www.sudoestehoje.com.br\/novoportal\/wp-json\/wp\/v2\/posts\/112825\/revisions\/112827"}],"wp:featuredmedia":[{"embeddable":true,"href":"https:\/\/www.sudoestehoje.com.br\/novoportal\/wp-json\/wp\/v2\/media\/112826"}],"wp:attachment":[{"href":"https:\/\/www.sudoestehoje.com.br\/novoportal\/wp-json\/wp\/v2\/media?parent=112825"}],"wp:term":[{"taxonomy":"category","embeddable":true,"href":"https:\/\/www.sudoestehoje.com.br\/novoportal\/wp-json\/wp\/v2\/categories?post=112825"},{"taxonomy":"post_tag","embeddable":true,"href":"https:\/\/www.sudoestehoje.com.br\/novoportal\/wp-json\/wp\/v2\/tags?post=112825"}],"curies":[{"name":"wp","href":"https:\/\/api.w.org\/{rel}","templated":true}]}}