
{"id":112808,"date":"2023-09-20T10:59:23","date_gmt":"2023-09-20T13:59:23","guid":{"rendered":"https:\/\/www.sudoestehoje.com.br\/novoportal\/?p=112808"},"modified":"2023-09-20T11:01:03","modified_gmt":"2023-09-20T14:01:03","slug":"itapetinga-amanhece-com-tempo-quente-e-abafado-nesta-quarta-feira","status":"publish","type":"post","link":"https:\/\/www.sudoestehoje.com.br\/novoportal\/2023\/09\/20\/itapetinga-amanhece-com-tempo-quente-e-abafado-nesta-quarta-feira\/","title":{"rendered":"ITAPETINGA AMANHECE COM TEMPO QUENTE E ABAFADO NESTA QUARTA-FEIRA"},"content":{"rendered":"<p><img loading=\"lazy\" decoding=\"async\" class=\"alignnone wp-image-112809\" src=\"https:\/\/www.sudoestehoje.com.br\/novoportal\/wp-content\/uploads\/2023\/09\/8c5da6b0-79e5-40dd-b51d-81290cb173a0-600x338.jpg\" alt=\"\" width=\"550\" height=\"310\" srcset=\"https:\/\/www.sudoestehoje.com.br\/novoportal\/wp-content\/uploads\/2023\/09\/8c5da6b0-79e5-40dd-b51d-81290cb173a0-600x338.jpg 600w, https:\/\/www.sudoestehoje.com.br\/novoportal\/wp-content\/uploads\/2023\/09\/8c5da6b0-79e5-40dd-b51d-81290cb173a0-700x394.jpg 700w, https:\/\/www.sudoestehoje.com.br\/novoportal\/wp-content\/uploads\/2023\/09\/8c5da6b0-79e5-40dd-b51d-81290cb173a0-768x432.jpg 768w, https:\/\/www.sudoestehoje.com.br\/novoportal\/wp-content\/uploads\/2023\/09\/8c5da6b0-79e5-40dd-b51d-81290cb173a0-1536x865.jpg 1536w, https:\/\/www.sudoestehoje.com.br\/novoportal\/wp-content\/uploads\/2023\/09\/8c5da6b0-79e5-40dd-b51d-81290cb173a0.jpg 1600w\" sizes=\"auto, (max-width: 550px) 100vw, 550px\" \/><\/p>\n<p><strong>Fechando o inverno mais quente dos \u00faltimos anos, Itapetinga e regi\u00e3o abrem a primavera no pr\u00f3ximo s\u00e1bado (23) com previs\u00e3o de tempo nublado e quente, com chuvas esparsas e r\u00e1pidas.<\/strong><\/p>\n<p><strong>De acordo com previs\u00f5es dos institutos de meteorologia, o calor intenso dever\u00e1 predominar em toda a primavera e ver\u00e3o, com poucas chuvas na regi\u00e3o.<\/strong><\/p>\n<p><strong>A recomenda\u00e7\u00e3o \u00e9 que a popula\u00e7\u00e3o se previna da incid\u00eancia dos raios solares, usando um bom protetor solar, para evitar doen\u00e7as da pele.<\/strong><\/p>\n<p><strong>Por enquanto, o clima est\u00e1 agrad\u00e1vel, mas vai piorar.<\/strong><\/p>\n<p><strong>Por Davi Ferraz<\/strong><\/p>\n","protected":false},"excerpt":{"rendered":"<p>Fechando o inverno mais quente dos \u00faltimos anos, Itapetinga e regi\u00e3o abrem a primavera no pr\u00f3ximo s\u00e1bado (23) com previs\u00e3o de tempo nublado e quente, com chuvas esparsas e r\u00e1pidas. De acordo com previs\u00f5es dos institutos de meteorologia, o calor intenso dever\u00e1 predominar em toda a primavera e ver\u00e3o, com poucas chuvas na regi\u00e3o. A [&hellip;]<\/p>\n","protected":false},"author":2,"featured_media":112809,"comment_status":"closed","ping_status":"open","sticky":false,"template":"","format":"standard","meta":{"footnotes":"","_links_to":"","_links_to_target":""},"categories":[1],"tags":[],"class_list":["post-112808","post","type-post","status-publish","format-standard","has-post-thumbnail","hentry","category-geral"],"views":1008,"_links":{"self":[{"href":"https:\/\/www.sudoestehoje.com.br\/novoportal\/wp-json\/wp\/v2\/posts\/112808","targetHints":{"allow":["GET"]}}],"collection":[{"href":"https:\/\/www.sudoestehoje.com.br\/novoportal\/wp-json\/wp\/v2\/posts"}],"about":[{"href":"https:\/\/www.sudoestehoje.com.br\/novoportal\/wp-json\/wp\/v2\/types\/post"}],"author":[{"embeddable":true,"href":"https:\/\/www.sudoestehoje.com.br\/novoportal\/wp-json\/wp\/v2\/users\/2"}],"replies":[{"embeddable":true,"href":"https:\/\/www.sudoestehoje.com.br\/novoportal\/wp-json\/wp\/v2\/comments?post=112808"}],"version-history":[{"count":2,"href":"https:\/\/www.sudoestehoje.com.br\/novoportal\/wp-json\/wp\/v2\/posts\/112808\/revisions"}],"predecessor-version":[{"id":112811,"href":"https:\/\/www.sudoestehoje.com.br\/novoportal\/wp-json\/wp\/v2\/posts\/112808\/revisions\/112811"}],"wp:featuredmedia":[{"embeddable":true,"href":"https:\/\/www.sudoestehoje.com.br\/novoportal\/wp-json\/wp\/v2\/media\/112809"}],"wp:attachment":[{"href":"https:\/\/www.sudoestehoje.com.br\/novoportal\/wp-json\/wp\/v2\/media?parent=112808"}],"wp:term":[{"taxonomy":"category","embeddable":true,"href":"https:\/\/www.sudoestehoje.com.br\/novoportal\/wp-json\/wp\/v2\/categories?post=112808"},{"taxonomy":"post_tag","embeddable":true,"href":"https:\/\/www.sudoestehoje.com.br\/novoportal\/wp-json\/wp\/v2\/tags?post=112808"}],"curies":[{"name":"wp","href":"https:\/\/api.w.org\/{rel}","templated":true}]}}