
{"id":112800,"date":"2023-09-19T19:40:47","date_gmt":"2023-09-19T22:40:47","guid":{"rendered":"https:\/\/www.sudoestehoje.com.br\/novoportal\/?p=112800"},"modified":"2023-09-19T19:40:47","modified_gmt":"2023-09-19T22:40:47","slug":"antonio-brito-participa-com-lula-da-assembleia-da-onu-nos-estados-unidos","status":"publish","type":"post","link":"https:\/\/www.sudoestehoje.com.br\/novoportal\/2023\/09\/19\/antonio-brito-participa-com-lula-da-assembleia-da-onu-nos-estados-unidos\/","title":{"rendered":"ANT\u00d4NIO BRITO PARTICIPA COM LULA DA ASSEMBLEIA DA ONU NOS ESTADOS UNIDOS"},"content":{"rendered":"<p><img loading=\"lazy\" decoding=\"async\" class=\"alignnone  wp-image-112802\" src=\"https:\/\/www.sudoestehoje.com.br\/novoportal\/wp-content\/uploads\/2023\/09\/IMAGEM_NOTICIA_5-2.webp\" alt=\"\" width=\"551\" height=\"351\" \/><\/p>\n<p><strong>O l\u00edder do PSD na C\u00e2mara dos Deputados, Antonio Brito, participou nesta ter\u00e7a-feira (19), junto com o presidente Lula e parlamentares brasileiros, da abertura da 78\u00aa Assembleia Geral da Organiza\u00e7\u00e3o das Na\u00e7\u00f5es Unidas (ONU), nos Estados Unidos, que contou com a participa\u00e7\u00e3o de mais 140 chefes de Estado.<\/strong><\/p>\n<p><strong>No evento, Lula abriu o discurso destacando a necessidade de ampliar os esfor\u00e7os mundiais para combater a fome, reduzir as desigualdades e promover a paz.<\/strong><\/p>\n<p><strong>Antonio Brito ser\u00e1 o representante do Congresso Nacional brasileiro na Assembleia, na pr\u00f3xima sexta (22), onde far\u00e1 pronunciamento sobre a atua\u00e7\u00e3o do parlamento voltado ao combate \u00e0 tuberculose, al\u00e9m do compromisso global de erradica\u00e7\u00e3o da doen\u00e7a at\u00e9 2030.<\/strong><\/p>\n","protected":false},"excerpt":{"rendered":"<p>O l\u00edder do PSD na C\u00e2mara dos Deputados, Antonio Brito, participou nesta ter\u00e7a-feira (19), junto com o presidente Lula e parlamentares brasileiros, da abertura da 78\u00aa Assembleia Geral da Organiza\u00e7\u00e3o das Na\u00e7\u00f5es Unidas (ONU), nos Estados Unidos, que contou com a participa\u00e7\u00e3o de mais 140 chefes de Estado. No evento, Lula abriu o discurso destacando [&hellip;]<\/p>\n","protected":false},"author":2,"featured_media":112802,"comment_status":"closed","ping_status":"open","sticky":false,"template":"","format":"standard","meta":{"footnotes":"","_links_to":"","_links_to_target":""},"categories":[1],"tags":[],"class_list":["post-112800","post","type-post","status-publish","format-standard","has-post-thumbnail","hentry","category-geral"],"views":708,"_links":{"self":[{"href":"https:\/\/www.sudoestehoje.com.br\/novoportal\/wp-json\/wp\/v2\/posts\/112800","targetHints":{"allow":["GET"]}}],"collection":[{"href":"https:\/\/www.sudoestehoje.com.br\/novoportal\/wp-json\/wp\/v2\/posts"}],"about":[{"href":"https:\/\/www.sudoestehoje.com.br\/novoportal\/wp-json\/wp\/v2\/types\/post"}],"author":[{"embeddable":true,"href":"https:\/\/www.sudoestehoje.com.br\/novoportal\/wp-json\/wp\/v2\/users\/2"}],"replies":[{"embeddable":true,"href":"https:\/\/www.sudoestehoje.com.br\/novoportal\/wp-json\/wp\/v2\/comments?post=112800"}],"version-history":[{"count":2,"href":"https:\/\/www.sudoestehoje.com.br\/novoportal\/wp-json\/wp\/v2\/posts\/112800\/revisions"}],"predecessor-version":[{"id":112803,"href":"https:\/\/www.sudoestehoje.com.br\/novoportal\/wp-json\/wp\/v2\/posts\/112800\/revisions\/112803"}],"wp:featuredmedia":[{"embeddable":true,"href":"https:\/\/www.sudoestehoje.com.br\/novoportal\/wp-json\/wp\/v2\/media\/112802"}],"wp:attachment":[{"href":"https:\/\/www.sudoestehoje.com.br\/novoportal\/wp-json\/wp\/v2\/media?parent=112800"}],"wp:term":[{"taxonomy":"category","embeddable":true,"href":"https:\/\/www.sudoestehoje.com.br\/novoportal\/wp-json\/wp\/v2\/categories?post=112800"},{"taxonomy":"post_tag","embeddable":true,"href":"https:\/\/www.sudoestehoje.com.br\/novoportal\/wp-json\/wp\/v2\/tags?post=112800"}],"curies":[{"name":"wp","href":"https:\/\/api.w.org\/{rel}","templated":true}]}}