
{"id":112791,"date":"2023-09-19T09:25:00","date_gmt":"2023-09-19T12:25:00","guid":{"rendered":"https:\/\/www.sudoestehoje.com.br\/novoportal\/?p=112791"},"modified":"2023-09-19T10:01:17","modified_gmt":"2023-09-19T13:01:17","slug":"itapetinga-corredores-viarios-precisam-ser-asfaltados-propoe-davi-ferraz-2","status":"publish","type":"post","link":"https:\/\/www.sudoestehoje.com.br\/novoportal\/2023\/09\/19\/itapetinga-corredores-viarios-precisam-ser-asfaltados-propoe-davi-ferraz-2\/","title":{"rendered":"ITAPETINGA | CORREDORES VI\u00c1RIOS PRECISAM SER ASFALTADOS, PROP\u00d5E DAVI FERRAZ"},"content":{"rendered":"<p><img loading=\"lazy\" decoding=\"async\" class=\"alignnone wp-image-112785\" src=\"https:\/\/www.sudoestehoje.com.br\/novoportal\/wp-content\/uploads\/2023\/09\/00369089-600x400.jpg\" alt=\"\" width=\"549\" height=\"366\" srcset=\"https:\/\/www.sudoestehoje.com.br\/novoportal\/wp-content\/uploads\/2023\/09\/00369089-600x400.jpg 600w, https:\/\/www.sudoestehoje.com.br\/novoportal\/wp-content\/uploads\/2023\/09\/00369089-700x467.jpg 700w, https:\/\/www.sudoestehoje.com.br\/novoportal\/wp-content\/uploads\/2023\/09\/00369089-768x512.jpg 768w, https:\/\/www.sudoestehoje.com.br\/novoportal\/wp-content\/uploads\/2023\/09\/00369089-1536x1024.jpg 1536w, https:\/\/www.sudoestehoje.com.br\/novoportal\/wp-content\/uploads\/2023\/09\/00369089-2048x1366.jpg 2048w\" sizes=\"auto, (max-width: 549px) 100vw, 549px\" \/><\/p>\n<p><strong>Dando sequ\u00eancia \u00e0s suas propostas de pr\u00e9-campanha \u00e0 prefeitura de Itapetinga, o advogado e professor Davi Ferraz sugeriu ao secret\u00e1rio municipal da infraestrutura, Gustavo David, a pavimenta\u00e7\u00e3o asf\u00e1ltica dos chamados &#8216;corredores vi\u00e1rios&#8217;, que constituem as vias por onde trafegam os \u00f4nibus coletivos da cidade.<\/strong><\/p>\n<p><strong><em>&#8220;S\u00e3o as vias principais da cidade e precisam de pavimenta\u00e7\u00e3o asf\u00e1ltica para dar maior mobilidade ao tr\u00e1fego e conforto aos usu\u00e1rios do transporte coletivo. De acordo com levantamento da pr\u00f3pria prefeitura, ainda temos quase 4 km de ruas onde os \u00f4nibus da Via\u00e7\u00e3o trafegam, sem qualquer tipo de pavimenta\u00e7\u00e3o, o que \u00e9 muito preocupante&#8221;<\/em>, observou Davi Ferraz.<\/strong><\/p>\n<p><strong><em>&#8220;Conversamos com o engenheiro Gustavo e ele nos informou que est\u00e1 fazendo um levantamento dessas vias, para priorizar a pavimenta\u00e7\u00e3o. Conversamos tamb\u00e9m sobre a possibilidade de solicitar essas obras junto ao governo do estado, atrav\u00e9s da Conder, j\u00e1 que as rela\u00e7\u00f5es do prefeito Rodrigo Hagge com o governador t\u00eam melhorado bastante, o que permite pleitearmos melhorias para Itapetinga sem intermedi\u00e1rios com m\u00e1 vontade&#8221;<\/em>, concluiu Davi Ferraz.<\/strong><\/p>\n<p><strong>As vias que comp\u00f5em os &#8216;corredores vi\u00e1rios&#8217;, ainda sem asfalto, concentram-se nas Vilas, Am\u00e9rico Nogueira, bairros pr\u00f3ximos ao centro da cidade, como Camacan e S\u00e3o Francisco e ruas do pr\u00f3prio centro, como JJ Seabra, D. Pedro II, Monteiro Lobato e Benjamin Constant, dentre outras.<\/strong><\/p>\n<p><strong>Reda\u00e7\u00e3o SH<\/strong><\/p>\n","protected":false},"excerpt":{"rendered":"<p>Dando sequ\u00eancia \u00e0s suas propostas de pr\u00e9-campanha \u00e0 prefeitura de Itapetinga, o advogado e professor Davi Ferraz sugeriu ao secret\u00e1rio municipal da infraestrutura, Gustavo David, a pavimenta\u00e7\u00e3o asf\u00e1ltica dos chamados &#8216;corredores vi\u00e1rios&#8217;, que constituem as vias por onde trafegam os \u00f4nibus coletivos da cidade. &#8220;S\u00e3o as vias principais da cidade e precisam de pavimenta\u00e7\u00e3o asf\u00e1ltica [&hellip;]<\/p>\n","protected":false},"author":2,"featured_media":112792,"comment_status":"closed","ping_status":"open","sticky":false,"template":"","format":"standard","meta":{"footnotes":"","_links_to":"","_links_to_target":""},"categories":[1],"tags":[],"class_list":["post-112791","post","type-post","status-publish","format-standard","has-post-thumbnail","hentry","category-geral"],"views":1343,"_links":{"self":[{"href":"https:\/\/www.sudoestehoje.com.br\/novoportal\/wp-json\/wp\/v2\/posts\/112791","targetHints":{"allow":["GET"]}}],"collection":[{"href":"https:\/\/www.sudoestehoje.com.br\/novoportal\/wp-json\/wp\/v2\/posts"}],"about":[{"href":"https:\/\/www.sudoestehoje.com.br\/novoportal\/wp-json\/wp\/v2\/types\/post"}],"author":[{"embeddable":true,"href":"https:\/\/www.sudoestehoje.com.br\/novoportal\/wp-json\/wp\/v2\/users\/2"}],"replies":[{"embeddable":true,"href":"https:\/\/www.sudoestehoje.com.br\/novoportal\/wp-json\/wp\/v2\/comments?post=112791"}],"version-history":[{"count":3,"href":"https:\/\/www.sudoestehoje.com.br\/novoportal\/wp-json\/wp\/v2\/posts\/112791\/revisions"}],"predecessor-version":[{"id":112795,"href":"https:\/\/www.sudoestehoje.com.br\/novoportal\/wp-json\/wp\/v2\/posts\/112791\/revisions\/112795"}],"wp:featuredmedia":[{"embeddable":true,"href":"https:\/\/www.sudoestehoje.com.br\/novoportal\/wp-json\/wp\/v2\/media\/112792"}],"wp:attachment":[{"href":"https:\/\/www.sudoestehoje.com.br\/novoportal\/wp-json\/wp\/v2\/media?parent=112791"}],"wp:term":[{"taxonomy":"category","embeddable":true,"href":"https:\/\/www.sudoestehoje.com.br\/novoportal\/wp-json\/wp\/v2\/categories?post=112791"},{"taxonomy":"post_tag","embeddable":true,"href":"https:\/\/www.sudoestehoje.com.br\/novoportal\/wp-json\/wp\/v2\/tags?post=112791"}],"curies":[{"name":"wp","href":"https:\/\/api.w.org\/{rel}","templated":true}]}}