
{"id":112771,"date":"2023-09-18T19:57:49","date_gmt":"2023-09-18T22:57:49","guid":{"rendered":"https:\/\/www.sudoestehoje.com.br\/novoportal\/?p=112771"},"modified":"2023-09-18T21:25:57","modified_gmt":"2023-09-19T00:25:57","slug":"urgente-carreta-colide-com-trem-na-br-o30-em-brumado","status":"publish","type":"post","link":"https:\/\/www.sudoestehoje.com.br\/novoportal\/2023\/09\/18\/urgente-carreta-colide-com-trem-na-br-o30-em-brumado\/","title":{"rendered":"URGENTE! CARRETA COLIDE COM TREM E PEGA FOGO NA BR-O30 EM BRUMADO"},"content":{"rendered":"<p><strong><img loading=\"lazy\" decoding=\"async\" class=\"alignnone wp-image-112772\" src=\"https:\/\/www.sudoestehoje.com.br\/novoportal\/wp-content\/uploads\/2023\/09\/IMG_9447-611x485-1-600x476.jpeg\" alt=\"\" width=\"551\" height=\"437\" srcset=\"https:\/\/www.sudoestehoje.com.br\/novoportal\/wp-content\/uploads\/2023\/09\/IMG_9447-611x485-1-600x476.jpeg 600w, https:\/\/www.sudoestehoje.com.br\/novoportal\/wp-content\/uploads\/2023\/09\/IMG_9447-611x485-1.jpeg 611w\" sizes=\"auto, (max-width: 551px) 100vw, 551px\" \/><\/strong><\/p>\n<p><strong>Uma carreta pegou fogo ap\u00f3s uma colis\u00e3o com uma locomotiva da VLI, no km 352, da BR-030, no trecho do munic\u00edpio de\u00a0<\/strong><a href=\"https:\/\/www.acheisudoeste.com.br\/categoria\/brumado\" target=\"_blank\" rel=\"noopener noreferrer\"><strong>Brumado<\/strong><\/a><strong>, por volta das 18h10, desta segunda-feira (18). <\/strong><\/p>\n<p><strong>A informa\u00e7\u00e3o foi confirmada ao site Achei Sudoeste pela Pol\u00edcia Rodovi\u00e1ria Federal (PRF). <\/strong><\/p>\n<p><strong>Ainda n\u00e3o h\u00e1 informa\u00e7\u00f5es oficiais sobre as causas do acidente. De acordo com o Centro Integrado de Comunica\u00e7\u00e3o (Cicom) o motorista da carreta, que n\u00e3o teve o nome divulgado, foi socorrido e encaminhado para o Hospital Municipal de Brumado por uma equipe do Samu 192.<\/strong><\/p>\n<p><strong> A pista est\u00e1 interditada nos dois sentidos. A VLI ainda n\u00e3o se pronunciou sobre o acidente.<\/strong><\/p>\n","protected":false},"excerpt":{"rendered":"<p>Uma carreta pegou fogo ap\u00f3s uma colis\u00e3o com uma locomotiva da VLI, no km 352, da BR-030, no trecho do munic\u00edpio de\u00a0Brumado, por volta das 18h10, desta segunda-feira (18). A informa\u00e7\u00e3o foi confirmada ao site Achei Sudoeste pela Pol\u00edcia Rodovi\u00e1ria Federal (PRF). Ainda n\u00e3o h\u00e1 informa\u00e7\u00f5es oficiais sobre as causas do acidente. De acordo com [&hellip;]<\/p>\n","protected":false},"author":2,"featured_media":112772,"comment_status":"closed","ping_status":"open","sticky":false,"template":"","format":"standard","meta":{"footnotes":"","_links_to":"","_links_to_target":""},"categories":[1],"tags":[],"class_list":["post-112771","post","type-post","status-publish","format-standard","has-post-thumbnail","hentry","category-geral"],"views":884,"_links":{"self":[{"href":"https:\/\/www.sudoestehoje.com.br\/novoportal\/wp-json\/wp\/v2\/posts\/112771","targetHints":{"allow":["GET"]}}],"collection":[{"href":"https:\/\/www.sudoestehoje.com.br\/novoportal\/wp-json\/wp\/v2\/posts"}],"about":[{"href":"https:\/\/www.sudoestehoje.com.br\/novoportal\/wp-json\/wp\/v2\/types\/post"}],"author":[{"embeddable":true,"href":"https:\/\/www.sudoestehoje.com.br\/novoportal\/wp-json\/wp\/v2\/users\/2"}],"replies":[{"embeddable":true,"href":"https:\/\/www.sudoestehoje.com.br\/novoportal\/wp-json\/wp\/v2\/comments?post=112771"}],"version-history":[{"count":5,"href":"https:\/\/www.sudoestehoje.com.br\/novoportal\/wp-json\/wp\/v2\/posts\/112771\/revisions"}],"predecessor-version":[{"id":112777,"href":"https:\/\/www.sudoestehoje.com.br\/novoportal\/wp-json\/wp\/v2\/posts\/112771\/revisions\/112777"}],"wp:featuredmedia":[{"embeddable":true,"href":"https:\/\/www.sudoestehoje.com.br\/novoportal\/wp-json\/wp\/v2\/media\/112772"}],"wp:attachment":[{"href":"https:\/\/www.sudoestehoje.com.br\/novoportal\/wp-json\/wp\/v2\/media?parent=112771"}],"wp:term":[{"taxonomy":"category","embeddable":true,"href":"https:\/\/www.sudoestehoje.com.br\/novoportal\/wp-json\/wp\/v2\/categories?post=112771"},{"taxonomy":"post_tag","embeddable":true,"href":"https:\/\/www.sudoestehoje.com.br\/novoportal\/wp-json\/wp\/v2\/tags?post=112771"}],"curies":[{"name":"wp","href":"https:\/\/api.w.org\/{rel}","templated":true}]}}