
{"id":112766,"date":"2023-09-18T09:54:44","date_gmt":"2023-09-18T12:54:44","guid":{"rendered":"https:\/\/www.sudoestehoje.com.br\/novoportal\/?p=112766"},"modified":"2023-09-18T09:54:44","modified_gmt":"2023-09-18T12:54:44","slug":"sobe-para-nove-o-numero-de-suspeitos-mortos-pela-policia-apos-assassinato-de-agente-da-pf-em-salvador","status":"publish","type":"post","link":"https:\/\/www.sudoestehoje.com.br\/novoportal\/2023\/09\/18\/sobe-para-nove-o-numero-de-suspeitos-mortos-pela-policia-apos-assassinato-de-agente-da-pf-em-salvador\/","title":{"rendered":"SOBE PARA NOVE O N\u00daMERO DE SUSPEITOS MORTOS PELA POL\u00cdCIA AP\u00d3S ASSASSINATO DE AGENTE DA PF EM SALVADOR"},"content":{"rendered":"<p><img loading=\"lazy\" decoding=\"async\" class=\"alignnone  wp-image-112769\" src=\"https:\/\/www.sudoestehoje.com.br\/novoportal\/wp-content\/uploads\/2023\/09\/seguranca.jpg\" alt=\"\" width=\"551\" height=\"367\" \/><\/p>\n<p><strong>Mais dois suspeitos de participar do opera\u00e7\u00e3o que resultou na morte do policial federal Lucas Carib\u00e9 Monteiro de Almeida, de 42 anos, e de outros quatro homens, morreram ap\u00f3s trocas de tiros com policiais na noite de domingo (17), em dois bairros de Salvador. Nesta segunda-feira (18), o bairro de Val\u00e9ria, onde aconteceu o confronto, amanheceu sem \u00f4nibus e com mais de 2 mil alunos com aulas suspensas.<\/strong><\/p>\n<p><strong>Na sexta-feira, uma policial federal e um inspetor da Pol\u00edcia Civil ficaram feridos na mesma a\u00e7\u00e3o. Desde ent\u00e3o, outros seis suspeitos de reagir \u00e0 presen\u00e7a das for\u00e7as de seguran\u00e7a foram mortos em bairros como Palestina e Periperi, sub\u00farbio ferrovi\u00e1rio da capital. Um traficante que possu\u00eda mandado de pris\u00e3o por homic\u00eddio foi preso.<\/strong><\/p>\n<p><strong>De acordo com a Secretaria de Seguran\u00e7a P\u00fablica (SSP-BA), nas \u00faltimas 72h, a\u00e7\u00f5es integradas contra a fac\u00e7\u00e3o que agiu em Val\u00e9ria localizaram tr\u00eas fuzis, uma carabina, uma submetralhadora, tr\u00eas pistolas, um rev\u00f3lver, carregadores, muni\u00e7\u00f5es, r\u00e1dios comunicadores e pe\u00e7as de ve\u00edculo roubado.<\/strong><\/p>\n","protected":false},"excerpt":{"rendered":"<p>Mais dois suspeitos de participar do opera\u00e7\u00e3o que resultou na morte do policial federal Lucas Carib\u00e9 Monteiro de Almeida, de 42 anos, e de outros quatro homens, morreram ap\u00f3s trocas de tiros com policiais na noite de domingo (17), em dois bairros de Salvador. Nesta segunda-feira (18), o bairro de Val\u00e9ria, onde aconteceu o confronto, [&hellip;]<\/p>\n","protected":false},"author":2,"featured_media":112769,"comment_status":"closed","ping_status":"open","sticky":false,"template":"","format":"standard","meta":{"footnotes":"","_links_to":"","_links_to_target":""},"categories":[1],"tags":[],"class_list":["post-112766","post","type-post","status-publish","format-standard","has-post-thumbnail","hentry","category-geral"],"views":795,"_links":{"self":[{"href":"https:\/\/www.sudoestehoje.com.br\/novoportal\/wp-json\/wp\/v2\/posts\/112766","targetHints":{"allow":["GET"]}}],"collection":[{"href":"https:\/\/www.sudoestehoje.com.br\/novoportal\/wp-json\/wp\/v2\/posts"}],"about":[{"href":"https:\/\/www.sudoestehoje.com.br\/novoportal\/wp-json\/wp\/v2\/types\/post"}],"author":[{"embeddable":true,"href":"https:\/\/www.sudoestehoje.com.br\/novoportal\/wp-json\/wp\/v2\/users\/2"}],"replies":[{"embeddable":true,"href":"https:\/\/www.sudoestehoje.com.br\/novoportal\/wp-json\/wp\/v2\/comments?post=112766"}],"version-history":[{"count":3,"href":"https:\/\/www.sudoestehoje.com.br\/novoportal\/wp-json\/wp\/v2\/posts\/112766\/revisions"}],"predecessor-version":[{"id":112770,"href":"https:\/\/www.sudoestehoje.com.br\/novoportal\/wp-json\/wp\/v2\/posts\/112766\/revisions\/112770"}],"wp:featuredmedia":[{"embeddable":true,"href":"https:\/\/www.sudoestehoje.com.br\/novoportal\/wp-json\/wp\/v2\/media\/112769"}],"wp:attachment":[{"href":"https:\/\/www.sudoestehoje.com.br\/novoportal\/wp-json\/wp\/v2\/media?parent=112766"}],"wp:term":[{"taxonomy":"category","embeddable":true,"href":"https:\/\/www.sudoestehoje.com.br\/novoportal\/wp-json\/wp\/v2\/categories?post=112766"},{"taxonomy":"post_tag","embeddable":true,"href":"https:\/\/www.sudoestehoje.com.br\/novoportal\/wp-json\/wp\/v2\/tags?post=112766"}],"curies":[{"name":"wp","href":"https:\/\/api.w.org\/{rel}","templated":true}]}}