
{"id":112762,"date":"2023-09-18T09:49:11","date_gmt":"2023-09-18T12:49:11","guid":{"rendered":"https:\/\/www.sudoestehoje.com.br\/novoportal\/?p=112762"},"modified":"2023-09-18T09:49:11","modified_gmt":"2023-09-18T12:49:11","slug":"bahia-violenta-helicoptero-da-policia-federal-e-recebido-a-tiros-em-bairro-de-salvador","status":"publish","type":"post","link":"https:\/\/www.sudoestehoje.com.br\/novoportal\/2023\/09\/18\/bahia-violenta-helicoptero-da-policia-federal-e-recebido-a-tiros-em-bairro-de-salvador\/","title":{"rendered":"BAHIA VIOLENTA | HELIC\u00d3PTERO DA POL\u00cdCIA FEDERAL \u00c9 RECEBIDO A TIROS EM BAIRRO DE SALVADOR"},"content":{"rendered":"<p><img loading=\"lazy\" decoding=\"async\" class=\"alignnone  wp-image-112764\" src=\"https:\/\/www.sudoestehoje.com.br\/novoportal\/wp-content\/uploads\/2023\/09\/IMAGEM_NOTICIA_5-1.webp\" alt=\"\" width=\"550\" height=\"350\" \/><\/p>\n<p><strong>Um helic\u00f3ptero da Pol\u00edcia Federal foi recebido a tiros por criminosos nos bairros de Cajazeiras XI e Palestina, em Salvador no domingo (17). Uma intensa troca de tiros com armas de grosso calibre foi registrada por moradores da regi\u00e3o.<\/strong><\/p>\n<p><strong>Aeronaves do Grupamento A\u00e9reo (GRAER) da Pol\u00edcia Militar e do Comando de Avia\u00e7\u00e3o Operacional (CAOP) da PF est\u00e3o dando apoio \u00e0s equipes terrestres que realizam varreduras no Sub\u00farbio Ferrovi\u00e1rio de Salvador.<\/strong><\/p>\n<p><strong>As \u00e1reas urbanas e rurais foram mapeadas por unidades das Pol\u00edcias Militar, Civil e Federal. No Centro Integrado de Comando e Controle (CICC), ativado pela Secretaria da Seguran\u00e7a P\u00fablica.<\/strong><\/p>\n<p><strong>A Pol\u00edcia Rodovi\u00e1ria Federal (PRF) tamb\u00e9m auxilia o direcionando nos bloqueios em poss\u00edveis rotas de fuga.<\/strong><\/p>\n","protected":false},"excerpt":{"rendered":"<p>Um helic\u00f3ptero da Pol\u00edcia Federal foi recebido a tiros por criminosos nos bairros de Cajazeiras XI e Palestina, em Salvador no domingo (17). Uma intensa troca de tiros com armas de grosso calibre foi registrada por moradores da regi\u00e3o. Aeronaves do Grupamento A\u00e9reo (GRAER) da Pol\u00edcia Militar e do Comando de Avia\u00e7\u00e3o Operacional (CAOP) da [&hellip;]<\/p>\n","protected":false},"author":2,"featured_media":112764,"comment_status":"closed","ping_status":"open","sticky":false,"template":"","format":"standard","meta":{"footnotes":"","_links_to":"","_links_to_target":""},"categories":[1],"tags":[],"class_list":["post-112762","post","type-post","status-publish","format-standard","has-post-thumbnail","hentry","category-geral"],"views":878,"_links":{"self":[{"href":"https:\/\/www.sudoestehoje.com.br\/novoportal\/wp-json\/wp\/v2\/posts\/112762","targetHints":{"allow":["GET"]}}],"collection":[{"href":"https:\/\/www.sudoestehoje.com.br\/novoportal\/wp-json\/wp\/v2\/posts"}],"about":[{"href":"https:\/\/www.sudoestehoje.com.br\/novoportal\/wp-json\/wp\/v2\/types\/post"}],"author":[{"embeddable":true,"href":"https:\/\/www.sudoestehoje.com.br\/novoportal\/wp-json\/wp\/v2\/users\/2"}],"replies":[{"embeddable":true,"href":"https:\/\/www.sudoestehoje.com.br\/novoportal\/wp-json\/wp\/v2\/comments?post=112762"}],"version-history":[{"count":2,"href":"https:\/\/www.sudoestehoje.com.br\/novoportal\/wp-json\/wp\/v2\/posts\/112762\/revisions"}],"predecessor-version":[{"id":112765,"href":"https:\/\/www.sudoestehoje.com.br\/novoportal\/wp-json\/wp\/v2\/posts\/112762\/revisions\/112765"}],"wp:featuredmedia":[{"embeddable":true,"href":"https:\/\/www.sudoestehoje.com.br\/novoportal\/wp-json\/wp\/v2\/media\/112764"}],"wp:attachment":[{"href":"https:\/\/www.sudoestehoje.com.br\/novoportal\/wp-json\/wp\/v2\/media?parent=112762"}],"wp:term":[{"taxonomy":"category","embeddable":true,"href":"https:\/\/www.sudoestehoje.com.br\/novoportal\/wp-json\/wp\/v2\/categories?post=112762"},{"taxonomy":"post_tag","embeddable":true,"href":"https:\/\/www.sudoestehoje.com.br\/novoportal\/wp-json\/wp\/v2\/tags?post=112762"}],"curies":[{"name":"wp","href":"https:\/\/api.w.org\/{rel}","templated":true}]}}