
{"id":112754,"date":"2023-09-18T09:33:46","date_gmt":"2023-09-18T12:33:46","guid":{"rendered":"https:\/\/www.sudoestehoje.com.br\/novoportal\/?p=112754"},"modified":"2023-09-18T09:33:46","modified_gmt":"2023-09-18T12:33:46","slug":"manha-de-chuva-fina-na-capital-da-pecuaria","status":"publish","type":"post","link":"https:\/\/www.sudoestehoje.com.br\/novoportal\/2023\/09\/18\/manha-de-chuva-fina-na-capital-da-pecuaria\/","title":{"rendered":"MANH\u00c3 DE CHUVA FINA NA &#8216;CAPITAL DA PECU\u00c1RIA&#8217;"},"content":{"rendered":"<p><img loading=\"lazy\" decoding=\"async\" class=\"alignnone  wp-image-112759\" src=\"https:\/\/www.sudoestehoje.com.br\/novoportal\/wp-content\/uploads\/2023\/09\/5207fdbe-9ef4-43b3-af0b-8d8d1e59bc60-600x338.jpg\" alt=\"\" width=\"550\" height=\"310\" srcset=\"https:\/\/www.sudoestehoje.com.br\/novoportal\/wp-content\/uploads\/2023\/09\/5207fdbe-9ef4-43b3-af0b-8d8d1e59bc60-600x338.jpg 600w, https:\/\/www.sudoestehoje.com.br\/novoportal\/wp-content\/uploads\/2023\/09\/5207fdbe-9ef4-43b3-af0b-8d8d1e59bc60-700x394.jpg 700w, https:\/\/www.sudoestehoje.com.br\/novoportal\/wp-content\/uploads\/2023\/09\/5207fdbe-9ef4-43b3-af0b-8d8d1e59bc60-768x432.jpg 768w, https:\/\/www.sudoestehoje.com.br\/novoportal\/wp-content\/uploads\/2023\/09\/5207fdbe-9ef4-43b3-af0b-8d8d1e59bc60-1536x865.jpg 1536w, https:\/\/www.sudoestehoje.com.br\/novoportal\/wp-content\/uploads\/2023\/09\/5207fdbe-9ef4-43b3-af0b-8d8d1e59bc60.jpg 1600w\" sizes=\"auto, (max-width: 550px) 100vw, 550px\" \/><\/p>\n<p><strong>Depois de um domingo abafado, o tempo em Itapetinga amanheceu fechado nesta segunda-feira (18), com chuva fina de &#8216;librina&#8217;, neste final de inverno quente e at\u00edpico.<\/strong><\/p>\n<p><strong>Na previs\u00e3o dos institutos, o dia permanece chuvoso e abafado at\u00e9 o meio-dia, com o sol dando as caras na parte da tarde.<\/strong><\/p>\n<p><strong>Reda\u00e7\u00e3o SH<\/strong><\/p>\n","protected":false},"excerpt":{"rendered":"<p>Depois de um domingo abafado, o tempo em Itapetinga amanheceu fechado nesta segunda-feira (18), com chuva fina de &#8216;librina&#8217;, neste final de inverno quente e at\u00edpico. Na previs\u00e3o dos institutos, o dia permanece chuvoso e abafado at\u00e9 o meio-dia, com o sol dando as caras na parte da tarde. Reda\u00e7\u00e3o SH<\/p>\n","protected":false},"author":2,"featured_media":112759,"comment_status":"closed","ping_status":"open","sticky":false,"template":"","format":"standard","meta":{"footnotes":"","_links_to":"","_links_to_target":""},"categories":[1],"tags":[],"class_list":["post-112754","post","type-post","status-publish","format-standard","has-post-thumbnail","hentry","category-geral"],"views":644,"_links":{"self":[{"href":"https:\/\/www.sudoestehoje.com.br\/novoportal\/wp-json\/wp\/v2\/posts\/112754","targetHints":{"allow":["GET"]}}],"collection":[{"href":"https:\/\/www.sudoestehoje.com.br\/novoportal\/wp-json\/wp\/v2\/posts"}],"about":[{"href":"https:\/\/www.sudoestehoje.com.br\/novoportal\/wp-json\/wp\/v2\/types\/post"}],"author":[{"embeddable":true,"href":"https:\/\/www.sudoestehoje.com.br\/novoportal\/wp-json\/wp\/v2\/users\/2"}],"replies":[{"embeddable":true,"href":"https:\/\/www.sudoestehoje.com.br\/novoportal\/wp-json\/wp\/v2\/comments?post=112754"}],"version-history":[{"count":6,"href":"https:\/\/www.sudoestehoje.com.br\/novoportal\/wp-json\/wp\/v2\/posts\/112754\/revisions"}],"predecessor-version":[{"id":112761,"href":"https:\/\/www.sudoestehoje.com.br\/novoportal\/wp-json\/wp\/v2\/posts\/112754\/revisions\/112761"}],"wp:featuredmedia":[{"embeddable":true,"href":"https:\/\/www.sudoestehoje.com.br\/novoportal\/wp-json\/wp\/v2\/media\/112759"}],"wp:attachment":[{"href":"https:\/\/www.sudoestehoje.com.br\/novoportal\/wp-json\/wp\/v2\/media?parent=112754"}],"wp:term":[{"taxonomy":"category","embeddable":true,"href":"https:\/\/www.sudoestehoje.com.br\/novoportal\/wp-json\/wp\/v2\/categories?post=112754"},{"taxonomy":"post_tag","embeddable":true,"href":"https:\/\/www.sudoestehoje.com.br\/novoportal\/wp-json\/wp\/v2\/tags?post=112754"}],"curies":[{"name":"wp","href":"https:\/\/api.w.org\/{rel}","templated":true}]}}