
{"id":112736,"date":"2023-09-17T18:53:06","date_gmt":"2023-09-17T21:53:06","guid":{"rendered":"https:\/\/www.sudoestehoje.com.br\/novoportal\/?p=112736"},"modified":"2023-09-17T19:09:36","modified_gmt":"2023-09-17T22:09:36","slug":"coopardo-discute-demandas-do-agro-com-representantes-do-banco-do-brasil","status":"publish","type":"post","link":"https:\/\/www.sudoestehoje.com.br\/novoportal\/2023\/09\/17\/coopardo-discute-demandas-do-agro-com-representantes-do-banco-do-brasil\/","title":{"rendered":"COOPARDO DISCUTE DEMANDAS DO AGRO COM REPRESENTANTES DO BANCO DO BRASIL"},"content":{"rendered":"<p><img loading=\"lazy\" decoding=\"async\" class=\"alignnone size-medium wp-image-112750\" src=\"https:\/\/www.sudoestehoje.com.br\/novoportal\/wp-content\/uploads\/2023\/09\/WhatsApp-Image-2023-09-15-at-13.55.28-600x450.jpeg\" alt=\"\" width=\"600\" height=\"450\" srcset=\"https:\/\/www.sudoestehoje.com.br\/novoportal\/wp-content\/uploads\/2023\/09\/WhatsApp-Image-2023-09-15-at-13.55.28-600x450.jpeg 600w, https:\/\/www.sudoestehoje.com.br\/novoportal\/wp-content\/uploads\/2023\/09\/WhatsApp-Image-2023-09-15-at-13.55.28-700x525.jpeg 700w, https:\/\/www.sudoestehoje.com.br\/novoportal\/wp-content\/uploads\/2023\/09\/WhatsApp-Image-2023-09-15-at-13.55.28-768x576.jpeg 768w, https:\/\/www.sudoestehoje.com.br\/novoportal\/wp-content\/uploads\/2023\/09\/WhatsApp-Image-2023-09-15-at-13.55.28-1536x1152.jpeg 1536w, https:\/\/www.sudoestehoje.com.br\/novoportal\/wp-content\/uploads\/2023\/09\/WhatsApp-Image-2023-09-15-at-13.55.28.jpeg 1600w\" sizes=\"auto, (max-width: 600px) 100vw, 600px\" \/><\/p>\n<p><strong>Na busca por op\u00e7\u00f5es criativas visando a melhoria das condi\u00e7\u00f5es do agroneg\u00f3cio na regi\u00e3o, a COOPARDO, atrav\u00e9s do seu diretor presidente Alex Coelho, se reuniu com representantes regionais do Banco do Brasil, em sua matriz localizada em Itapetinga, na \u00faltima quinta-feira (14).<\/strong><\/p>\n<p><strong>No encontro com Landson da Silva Rios &#8211; Gerente de Relacionamento Estilo Agro do banco, Leido Wesley Sousa Lemos &#8211; Gerente Geral Agencia Itapetinga, Flavio de Paulo Pedroso &#8211; Superintendente Comercial Varejo Vit\u00f3ria da Conquista e Thiago Jos\u00e9 Delosi Monteiro &#8211; Superintendente Varejo Bahia, o presidente da Coopardo expos as demandas dos seus cooperados e de todos os produtores rurais do M\u00e9dio Sudoeste, neste momento de crise no setor.<\/strong><\/p>\n<p><strong><em>&#8220;Durante a visita dos superintendentes e gerentes do Banco do Brasil \u00e0 Coopardo, trocamos ideias sobre o custeio agropecu\u00e1rio e outras demandas, necessidades e dificuldades do produtor rural, neste momento dif\u00edcil em que passa o setor, em toda a nossa regi\u00e3o&#8221;<\/em>, relatou Alex.<\/strong><\/p>\n<p><strong>No encontro, os representantes do Banco do Brasil conheceram a nova estrutura da Coopardo, como os armaz\u00e9ns, centros de processamento, lojas e \u00e1reas de treinamento, na sua matriz.<\/strong><\/p>\n<p><strong><em>&#8220;Foi um encontro muito proveitoso, onde pudemos expor os nossos desafios e as condi\u00e7\u00f5es em que se encontram os nossos cooperados e todos os envolvidos no agroneg\u00f3cio est\u00e3o passando&#8221;<\/em>, concluiu Alex Coelho, presidente da cooperativa.<\/strong><\/p>\n\n\t\t<style type=\"text\/css\">\n\t\t\t#gallery-1 {\n\t\t\t\tmargin: auto;\n\t\t\t}\n\t\t\t#gallery-1 .gallery-item {\n\t\t\t\tfloat: left;\n\t\t\t\tmargin-top: 10px;\n\t\t\t\ttext-align: center;\n\t\t\t\twidth: 33%;\n\t\t\t}\n\t\t\t#gallery-1 img {\n\t\t\t\tborder: 2px solid #cfcfcf;\n\t\t\t}\n\t\t\t#gallery-1 .gallery-caption {\n\t\t\t\tmargin-left: 0;\n\t\t\t}\n\t\t\t\/* see gallery_shortcode() in wp-includes\/media.php *\/\n\t\t<\/style>\n\t\t<div id='gallery-1' class='gallery galleryid-112736 gallery-columns-3 gallery-size-thumbnail'><dl class='gallery-item'>\n\t\t\t<dt class='gallery-icon landscape'>\n\t\t\t\t<a href='https:\/\/www.sudoestehoje.com.br\/novoportal\/2023\/09\/17\/coopardo-discute-demandas-do-agro-com-representantes-do-banco-do-brasil\/whatsapp-image-2023-09-15-at-13-55-28-1\/'><img loading=\"lazy\" decoding=\"async\" width=\"150\" height=\"150\" src=\"https:\/\/www.sudoestehoje.com.br\/novoportal\/wp-content\/uploads\/2023\/09\/WhatsApp-Image-2023-09-15-at-13.55.28-1-150x150.jpeg\" class=\"attachment-thumbnail size-thumbnail\" alt=\"\" \/><\/a>\n\t\t\t<\/dt><\/dl><dl class='gallery-item'>\n\t\t\t<dt class='gallery-icon landscape'>\n\t\t\t\t<a href='https:\/\/www.sudoestehoje.com.br\/novoportal\/2023\/09\/17\/coopardo-discute-demandas-do-agro-com-representantes-do-banco-do-brasil\/whatsapp-image-2023-09-15-at-13-55-23\/'><img loading=\"lazy\" decoding=\"async\" width=\"150\" height=\"150\" src=\"https:\/\/www.sudoestehoje.com.br\/novoportal\/wp-content\/uploads\/2023\/09\/WhatsApp-Image-2023-09-15-at-13.55.23-150x150.jpeg\" class=\"attachment-thumbnail size-thumbnail\" alt=\"\" \/><\/a>\n\t\t\t<\/dt><\/dl><dl class='gallery-item'>\n\t\t\t<dt class='gallery-icon landscape'>\n\t\t\t\t<a href='https:\/\/www.sudoestehoje.com.br\/novoportal\/2023\/09\/17\/coopardo-discute-demandas-do-agro-com-representantes-do-banco-do-brasil\/whatsapp-image-2023-09-15-at-13-55-22-1\/'><img loading=\"lazy\" decoding=\"async\" width=\"150\" height=\"150\" src=\"https:\/\/www.sudoestehoje.com.br\/novoportal\/wp-content\/uploads\/2023\/09\/WhatsApp-Image-2023-09-15-at-13.55.22-1-150x150.jpeg\" class=\"attachment-thumbnail size-thumbnail\" alt=\"\" \/><\/a>\n\t\t\t<\/dt><\/dl><br style=\"clear: both\" \/>\n\t\t<\/div>\n\n<p><em><strong>Por Davi Ferraz<\/strong><\/em><\/p>\n","protected":false},"excerpt":{"rendered":"<p>Na busca por op\u00e7\u00f5es criativas visando a melhoria das condi\u00e7\u00f5es do agroneg\u00f3cio na regi\u00e3o, a COOPARDO, atrav\u00e9s do seu diretor presidente Alex Coelho, se reuniu com representantes regionais do Banco do Brasil, em sua matriz localizada em Itapetinga, na \u00faltima quinta-feira (14). No encontro com Landson da Silva Rios &#8211; Gerente de Relacionamento Estilo Agro [&hellip;]<\/p>\n","protected":false},"author":2,"featured_media":112750,"comment_status":"closed","ping_status":"open","sticky":false,"template":"","format":"standard","meta":{"footnotes":"","_links_to":"","_links_to_target":""},"categories":[1],"tags":[],"class_list":["post-112736","post","type-post","status-publish","format-standard","has-post-thumbnail","hentry","category-geral"],"views":951,"_links":{"self":[{"href":"https:\/\/www.sudoestehoje.com.br\/novoportal\/wp-json\/wp\/v2\/posts\/112736","targetHints":{"allow":["GET"]}}],"collection":[{"href":"https:\/\/www.sudoestehoje.com.br\/novoportal\/wp-json\/wp\/v2\/posts"}],"about":[{"href":"https:\/\/www.sudoestehoje.com.br\/novoportal\/wp-json\/wp\/v2\/types\/post"}],"author":[{"embeddable":true,"href":"https:\/\/www.sudoestehoje.com.br\/novoportal\/wp-json\/wp\/v2\/users\/2"}],"replies":[{"embeddable":true,"href":"https:\/\/www.sudoestehoje.com.br\/novoportal\/wp-json\/wp\/v2\/comments?post=112736"}],"version-history":[{"count":12,"href":"https:\/\/www.sudoestehoje.com.br\/novoportal\/wp-json\/wp\/v2\/posts\/112736\/revisions"}],"predecessor-version":[{"id":112753,"href":"https:\/\/www.sudoestehoje.com.br\/novoportal\/wp-json\/wp\/v2\/posts\/112736\/revisions\/112753"}],"wp:featuredmedia":[{"embeddable":true,"href":"https:\/\/www.sudoestehoje.com.br\/novoportal\/wp-json\/wp\/v2\/media\/112750"}],"wp:attachment":[{"href":"https:\/\/www.sudoestehoje.com.br\/novoportal\/wp-json\/wp\/v2\/media?parent=112736"}],"wp:term":[{"taxonomy":"category","embeddable":true,"href":"https:\/\/www.sudoestehoje.com.br\/novoportal\/wp-json\/wp\/v2\/categories?post=112736"},{"taxonomy":"post_tag","embeddable":true,"href":"https:\/\/www.sudoestehoje.com.br\/novoportal\/wp-json\/wp\/v2\/tags?post=112736"}],"curies":[{"name":"wp","href":"https:\/\/api.w.org\/{rel}","templated":true}]}}