
{"id":112709,"date":"2023-09-16T23:17:21","date_gmt":"2023-09-17T02:17:21","guid":{"rendered":"https:\/\/www.sudoestehoje.com.br\/novoportal\/?p=112709"},"modified":"2023-09-17T10:29:52","modified_gmt":"2023-09-17T13:29:52","slug":"urgente-morre-o-empresario-johnson-proprietario-da-soveteria-zorzo","status":"publish","type":"post","link":"https:\/\/www.sudoestehoje.com.br\/novoportal\/2023\/09\/16\/urgente-morre-o-empresario-johnson-proprietario-da-soveteria-zorzo\/","title":{"rendered":"URGENTE ! MORRE O EMPRES\u00c1RIO JOHNSON, PROPRIET\u00c1RIO DA SORVETERIA ZORZO"},"content":{"rendered":"<p><img loading=\"lazy\" decoding=\"async\" class=\"alignnone wp-image-112710\" src=\"https:\/\/www.sudoestehoje.com.br\/novoportal\/wp-content\/uploads\/2023\/09\/3754338c-d4bf-4d3e-b451-0c11e16f9eca-600x553.jpg\" alt=\"\" width=\"551\" height=\"508\" srcset=\"https:\/\/www.sudoestehoje.com.br\/novoportal\/wp-content\/uploads\/2023\/09\/3754338c-d4bf-4d3e-b451-0c11e16f9eca-600x553.jpg 600w, https:\/\/www.sudoestehoje.com.br\/novoportal\/wp-content\/uploads\/2023\/09\/3754338c-d4bf-4d3e-b451-0c11e16f9eca.jpg 628w\" sizes=\"auto, (max-width: 551px) 100vw, 551px\" \/><\/p>\n<p><strong>Comunicamos o falecimento do empres\u00e1rio Johnson Dornelles, 68 anos, propriet\u00e1rio da F\u00e1brica de Sorvetes Zorzo, em Itapetinga, implantada no munic\u00edpio h\u00e1 mais de 30 an<\/strong>os.<\/p>\n<p><strong>A causa da morte do empres\u00e1rio ainda n\u00e3o foi divulgada, mas h\u00e1 informa\u00e7\u00f5es de que o corpo se encontra no IML de Vit\u00f3ria da Conquista, do que se deduz tratar-se de morte por &#8220;causa n\u00e3o natural&#8221;<\/strong>.<\/p>\n<p><strong>De acordo com informa\u00e7\u00f5es de leitores do Sudoeste Hoje, o falecimento aconteceu por volta das 21h.<\/strong><\/p>\n<p><strong>O Sudoeste Hoje lamenta profundamente a passagem do amigo Johnson e estende o seu pesar aos familiares, amigos e colaboradores da Zorzo.<\/strong><\/p>\n<p><strong>Ainda n\u00e3o h\u00e1 informa\u00e7\u00f5es sobre o funeral.<\/strong><\/p>\n<p><strong>Davi Ferraz &#8211; Editor<\/strong><\/p>\n","protected":false},"excerpt":{"rendered":"<p>Comunicamos o falecimento do empres\u00e1rio Johnson Dornelles, 68 anos, propriet\u00e1rio da F\u00e1brica de Sorvetes Zorzo, em Itapetinga, implantada no munic\u00edpio h\u00e1 mais de 30 anos. A causa da morte do empres\u00e1rio ainda n\u00e3o foi divulgada, mas h\u00e1 informa\u00e7\u00f5es de que o corpo se encontra no IML de Vit\u00f3ria da Conquista, do que se deduz tratar-se [&hellip;]<\/p>\n","protected":false},"author":2,"featured_media":112710,"comment_status":"closed","ping_status":"open","sticky":false,"template":"","format":"standard","meta":{"footnotes":"","_links_to":"","_links_to_target":""},"categories":[1],"tags":[],"class_list":["post-112709","post","type-post","status-publish","format-standard","has-post-thumbnail","hentry","category-geral"],"views":4134,"_links":{"self":[{"href":"https:\/\/www.sudoestehoje.com.br\/novoportal\/wp-json\/wp\/v2\/posts\/112709","targetHints":{"allow":["GET"]}}],"collection":[{"href":"https:\/\/www.sudoestehoje.com.br\/novoportal\/wp-json\/wp\/v2\/posts"}],"about":[{"href":"https:\/\/www.sudoestehoje.com.br\/novoportal\/wp-json\/wp\/v2\/types\/post"}],"author":[{"embeddable":true,"href":"https:\/\/www.sudoestehoje.com.br\/novoportal\/wp-json\/wp\/v2\/users\/2"}],"replies":[{"embeddable":true,"href":"https:\/\/www.sudoestehoje.com.br\/novoportal\/wp-json\/wp\/v2\/comments?post=112709"}],"version-history":[{"count":9,"href":"https:\/\/www.sudoestehoje.com.br\/novoportal\/wp-json\/wp\/v2\/posts\/112709\/revisions"}],"predecessor-version":[{"id":112719,"href":"https:\/\/www.sudoestehoje.com.br\/novoportal\/wp-json\/wp\/v2\/posts\/112709\/revisions\/112719"}],"wp:featuredmedia":[{"embeddable":true,"href":"https:\/\/www.sudoestehoje.com.br\/novoportal\/wp-json\/wp\/v2\/media\/112710"}],"wp:attachment":[{"href":"https:\/\/www.sudoestehoje.com.br\/novoportal\/wp-json\/wp\/v2\/media?parent=112709"}],"wp:term":[{"taxonomy":"category","embeddable":true,"href":"https:\/\/www.sudoestehoje.com.br\/novoportal\/wp-json\/wp\/v2\/categories?post=112709"},{"taxonomy":"post_tag","embeddable":true,"href":"https:\/\/www.sudoestehoje.com.br\/novoportal\/wp-json\/wp\/v2\/tags?post=112709"}],"curies":[{"name":"wp","href":"https:\/\/api.w.org\/{rel}","templated":true}]}}