
{"id":112695,"date":"2023-09-14T17:47:20","date_gmt":"2023-09-14T20:47:20","guid":{"rendered":"https:\/\/www.sudoestehoje.com.br\/novoportal\/?p=112695"},"modified":"2023-09-14T17:47:20","modified_gmt":"2023-09-14T20:47:20","slug":"lascou-cerca-de-100-mil-familias-podem-perder-a-tarifa-social-de-energia-na-bahia","status":"publish","type":"post","link":"https:\/\/www.sudoestehoje.com.br\/novoportal\/2023\/09\/14\/lascou-cerca-de-100-mil-familias-podem-perder-a-tarifa-social-de-energia-na-bahia\/","title":{"rendered":"LASCOU! CERCA DE 100 MIL FAM\u00cdLIAS PODEM PERDER A TARIFA SOCIAL DE ENERGIA NA BAHIA"},"content":{"rendered":"<div dir=\"auto\">\n<p><img loading=\"lazy\" decoding=\"async\" class=\"alignnone  wp-image-112697\" src=\"https:\/\/www.sudoestehoje.com.br\/novoportal\/wp-content\/uploads\/2023\/09\/Cem-mil-consumidores-da-Coelba-podem-perder-tarifa-social-na-Bahia-600x413.jpg\" alt=\"\" width=\"551\" height=\"379\" srcset=\"https:\/\/www.sudoestehoje.com.br\/novoportal\/wp-content\/uploads\/2023\/09\/Cem-mil-consumidores-da-Coelba-podem-perder-tarifa-social-na-Bahia-600x413.jpg 600w, https:\/\/www.sudoestehoje.com.br\/novoportal\/wp-content\/uploads\/2023\/09\/Cem-mil-consumidores-da-Coelba-podem-perder-tarifa-social-na-Bahia-700x482.jpg 700w, https:\/\/www.sudoestehoje.com.br\/novoportal\/wp-content\/uploads\/2023\/09\/Cem-mil-consumidores-da-Coelba-podem-perder-tarifa-social-na-Bahia-768x529.jpg 768w, https:\/\/www.sudoestehoje.com.br\/novoportal\/wp-content\/uploads\/2023\/09\/Cem-mil-consumidores-da-Coelba-podem-perder-tarifa-social-na-Bahia.jpg 800w\" sizes=\"auto, (max-width: 551px) 100vw, 551px\" \/><\/p>\n<p><strong>O n\u00famero de fam\u00edlias que correm o risco de perder o benef\u00edcio da Tarifa Social de Energia El\u00e9trica (TSEE) na Bahia se aproxima de 100 mil. De acordo com levantamento da Neoenergia Coelba, as cidades de Salvador, Feira de Santana, Itabuna, Vit\u00f3ria da Conquista e Jequi\u00e9 s\u00e3o, respectivamente, as que possuem o maior n\u00famero de pessoas que podem perder o benef\u00edcio.<\/strong><\/p>\n<\/div>\n<div dir=\"auto\"><strong>A TSEE \u00e9 concedida pelo Governo Federal e isenta em at\u00e9 100% o valor da conta de luz para quilombolas e ind\u00edgenas e em at\u00e9 65% para consumidores de baixa renda inscritos no Cadastro \u00danico (Cad\u00danico) ou no Benef\u00edcio de Presta\u00e7\u00e3o Continuada (BPC).<\/strong><\/div>\n<div dir=\"auto\"><\/div>\n<div dir=\"auto\"><strong>Ciente da import\u00e2ncia do benef\u00edcio para as fam\u00edlias baianas, a Neoenergia Coelba cadastrou mais de 100 mil fam\u00edlias proativamente no programa em 2023. Os inscritos, por\u00e9m, precisam manter os dados atualizados para n\u00e3o perderem o benef\u00edcio.<\/strong><\/div>\n","protected":false},"excerpt":{"rendered":"<p>O n\u00famero de fam\u00edlias que correm o risco de perder o benef\u00edcio da Tarifa Social de Energia El\u00e9trica (TSEE) na Bahia se aproxima de 100 mil. De acordo com levantamento da Neoenergia Coelba, as cidades de Salvador, Feira de Santana, Itabuna, Vit\u00f3ria da Conquista e Jequi\u00e9 s\u00e3o, respectivamente, as que possuem o maior n\u00famero de [&hellip;]<\/p>\n","protected":false},"author":2,"featured_media":112697,"comment_status":"closed","ping_status":"open","sticky":false,"template":"","format":"standard","meta":{"footnotes":"","_links_to":"","_links_to_target":""},"categories":[1],"tags":[],"class_list":["post-112695","post","type-post","status-publish","format-standard","has-post-thumbnail","hentry","category-geral"],"views":815,"_links":{"self":[{"href":"https:\/\/www.sudoestehoje.com.br\/novoportal\/wp-json\/wp\/v2\/posts\/112695","targetHints":{"allow":["GET"]}}],"collection":[{"href":"https:\/\/www.sudoestehoje.com.br\/novoportal\/wp-json\/wp\/v2\/posts"}],"about":[{"href":"https:\/\/www.sudoestehoje.com.br\/novoportal\/wp-json\/wp\/v2\/types\/post"}],"author":[{"embeddable":true,"href":"https:\/\/www.sudoestehoje.com.br\/novoportal\/wp-json\/wp\/v2\/users\/2"}],"replies":[{"embeddable":true,"href":"https:\/\/www.sudoestehoje.com.br\/novoportal\/wp-json\/wp\/v2\/comments?post=112695"}],"version-history":[{"count":2,"href":"https:\/\/www.sudoestehoje.com.br\/novoportal\/wp-json\/wp\/v2\/posts\/112695\/revisions"}],"predecessor-version":[{"id":112698,"href":"https:\/\/www.sudoestehoje.com.br\/novoportal\/wp-json\/wp\/v2\/posts\/112695\/revisions\/112698"}],"wp:featuredmedia":[{"embeddable":true,"href":"https:\/\/www.sudoestehoje.com.br\/novoportal\/wp-json\/wp\/v2\/media\/112697"}],"wp:attachment":[{"href":"https:\/\/www.sudoestehoje.com.br\/novoportal\/wp-json\/wp\/v2\/media?parent=112695"}],"wp:term":[{"taxonomy":"category","embeddable":true,"href":"https:\/\/www.sudoestehoje.com.br\/novoportal\/wp-json\/wp\/v2\/categories?post=112695"},{"taxonomy":"post_tag","embeddable":true,"href":"https:\/\/www.sudoestehoje.com.br\/novoportal\/wp-json\/wp\/v2\/tags?post=112695"}],"curies":[{"name":"wp","href":"https:\/\/api.w.org\/{rel}","templated":true}]}}