
{"id":112692,"date":"2023-09-14T17:25:04","date_gmt":"2023-09-14T20:25:04","guid":{"rendered":"https:\/\/www.sudoestehoje.com.br\/novoportal\/?p=112692"},"modified":"2023-09-14T17:25:04","modified_gmt":"2023-09-14T20:25:04","slug":"vixe-casa-do-ministro-haddad-em-sao-paulo-e-invadida-durante-a-madrugada","status":"publish","type":"post","link":"https:\/\/www.sudoestehoje.com.br\/novoportal\/2023\/09\/14\/vixe-casa-do-ministro-haddad-em-sao-paulo-e-invadida-durante-a-madrugada\/","title":{"rendered":"VIXE! CASA DO MINISTRO HADDAD EM S\u00c3O PAULO \u00c9 INVADIDA DURANTE A MADRUGADA"},"content":{"rendered":"<p><img loading=\"lazy\" decoding=\"async\" class=\"alignnone  wp-image-112693\" src=\"https:\/\/www.sudoestehoje.com.br\/novoportal\/wp-content\/uploads\/2023\/09\/casa-de-fernando-haddad-em-sp-e-invadida-na-madrugada-600x337.jpg\" alt=\"\" width=\"550\" height=\"309\" srcset=\"https:\/\/www.sudoestehoje.com.br\/novoportal\/wp-content\/uploads\/2023\/09\/casa-de-fernando-haddad-em-sp-e-invadida-na-madrugada-600x337.jpg 600w, https:\/\/www.sudoestehoje.com.br\/novoportal\/wp-content\/uploads\/2023\/09\/casa-de-fernando-haddad-em-sp-e-invadida-na-madrugada.jpg 627w\" sizes=\"auto, (max-width: 550px) 100vw, 550px\" \/><\/p>\n<p><strong>Foi confirmado por nota pelo Minist\u00e9rio da Fazenda, que houve uma tentativa de invas\u00e3o \u00e0 resid\u00eancia do ministro Fernando Haddad, em S\u00e3o Paulo, na madrugada desta quinta-feira (14). No momento da invas\u00e3o, o ministro se encontrava na resid\u00eancia, que est\u00e1 localizada na zona sul da capital paulista.<\/strong><\/p>\n<p><strong>Segundo o Minist\u00e9rio, as imagens da a\u00e7\u00e3o foram registradas por c\u00e2meras de vigil\u00e2ncia. Nas grava\u00e7\u00f5es, foi poss\u00edvel ver a entrada de quatro homens no quintal da casa ap\u00f3s arrombarem o port\u00e3o, por\u00e9m o interior da casa n\u00e3o foi invadido e nada foi furtado.<\/strong><\/p>\n<p><strong>As imagens foram passadas para a Pol\u00edcia Federal, e at\u00e9 o momento nenhum dos suspeitos foi identificado.<\/strong><\/p>\n<p><strong>Segundo informa\u00e7\u00f5es, o ministro Haddad cancelou toda sua agenda da manh\u00e3, onde estaria presente no escrit\u00f3rio da pasta da Avenida Paulista. De acordo com a assessoria da Fazenda, o ministro n\u00e3o falar\u00e1 com a imprensa nesta quinta-feira.<\/strong><\/p>\n","protected":false},"excerpt":{"rendered":"<p>Foi confirmado por nota pelo Minist\u00e9rio da Fazenda, que houve uma tentativa de invas\u00e3o \u00e0 resid\u00eancia do ministro Fernando Haddad, em S\u00e3o Paulo, na madrugada desta quinta-feira (14). No momento da invas\u00e3o, o ministro se encontrava na resid\u00eancia, que est\u00e1 localizada na zona sul da capital paulista. Segundo o Minist\u00e9rio, as imagens da a\u00e7\u00e3o foram [&hellip;]<\/p>\n","protected":false},"author":2,"featured_media":112693,"comment_status":"closed","ping_status":"open","sticky":false,"template":"","format":"standard","meta":{"footnotes":"","_links_to":"","_links_to_target":""},"categories":[1],"tags":[],"class_list":["post-112692","post","type-post","status-publish","format-standard","has-post-thumbnail","hentry","category-geral"],"views":858,"_links":{"self":[{"href":"https:\/\/www.sudoestehoje.com.br\/novoportal\/wp-json\/wp\/v2\/posts\/112692","targetHints":{"allow":["GET"]}}],"collection":[{"href":"https:\/\/www.sudoestehoje.com.br\/novoportal\/wp-json\/wp\/v2\/posts"}],"about":[{"href":"https:\/\/www.sudoestehoje.com.br\/novoportal\/wp-json\/wp\/v2\/types\/post"}],"author":[{"embeddable":true,"href":"https:\/\/www.sudoestehoje.com.br\/novoportal\/wp-json\/wp\/v2\/users\/2"}],"replies":[{"embeddable":true,"href":"https:\/\/www.sudoestehoje.com.br\/novoportal\/wp-json\/wp\/v2\/comments?post=112692"}],"version-history":[{"count":1,"href":"https:\/\/www.sudoestehoje.com.br\/novoportal\/wp-json\/wp\/v2\/posts\/112692\/revisions"}],"predecessor-version":[{"id":112694,"href":"https:\/\/www.sudoestehoje.com.br\/novoportal\/wp-json\/wp\/v2\/posts\/112692\/revisions\/112694"}],"wp:featuredmedia":[{"embeddable":true,"href":"https:\/\/www.sudoestehoje.com.br\/novoportal\/wp-json\/wp\/v2\/media\/112693"}],"wp:attachment":[{"href":"https:\/\/www.sudoestehoje.com.br\/novoportal\/wp-json\/wp\/v2\/media?parent=112692"}],"wp:term":[{"taxonomy":"category","embeddable":true,"href":"https:\/\/www.sudoestehoje.com.br\/novoportal\/wp-json\/wp\/v2\/categories?post=112692"},{"taxonomy":"post_tag","embeddable":true,"href":"https:\/\/www.sudoestehoje.com.br\/novoportal\/wp-json\/wp\/v2\/tags?post=112692"}],"curies":[{"name":"wp","href":"https:\/\/api.w.org\/{rel}","templated":true}]}}