
{"id":112687,"date":"2023-09-14T17:13:15","date_gmt":"2023-09-14T20:13:15","guid":{"rendered":"https:\/\/www.sudoestehoje.com.br\/novoportal\/?p=112687"},"modified":"2023-09-14T17:13:15","modified_gmt":"2023-09-14T20:13:15","slug":"corpos-de-supostos-extra-terrestres-sao-exibidos-por-famoso-cientista","status":"publish","type":"post","link":"https:\/\/www.sudoestehoje.com.br\/novoportal\/2023\/09\/14\/corpos-de-supostos-extra-terrestres-sao-exibidos-por-famoso-cientista\/","title":{"rendered":"CORPOS DE SUPOSTOS EXTRA TERRESTRES S\u00c3O EXIBIDOS POR FAMOSO CIENTISTA"},"content":{"rendered":"<p><img loading=\"lazy\" decoding=\"async\" class=\"alignnone  wp-image-112690\" src=\"https:\/\/www.sudoestehoje.com.br\/novoportal\/wp-content\/uploads\/2023\/09\/ET-600x400.jpg\" alt=\"\" width=\"551\" height=\"367\" srcset=\"https:\/\/www.sudoestehoje.com.br\/novoportal\/wp-content\/uploads\/2023\/09\/ET-600x400.jpg 600w, https:\/\/www.sudoestehoje.com.br\/novoportal\/wp-content\/uploads\/2023\/09\/ET.jpg 618w\" sizes=\"auto, (max-width: 551px) 100vw, 551px\" \/><\/p>\n<p><strong>Um famoso uf\u00f3logo mexicano<em>\u00a0[pessoa que estuda Objetos Voadores N\u00e3o Identificados (OVNI)]<\/em>, exibiu nesta \u00faltima ter\u00e7a-feira (12), em uma audi\u00eancia sobre fen\u00f4menos an\u00f4malos no Congresso Nacional do M\u00e9xico, aquilo que ele diz serem corpos de seres alien\u00edgenas.<\/strong><\/p>\n<p><strong> Uf\u00f3logo, jornalista e produtor de um programa sobre o tema na televis\u00e3o mexicana, Jaime Maussan Flota disse que os corpos \u201c<em>n\u00e3o-humanos\u201d<\/em>\u00a0foram estudados pela Universidade Nacional Aut\u00f4noma do M\u00e9xico (UNAM), que calculou a idade deles em cerca de mil anos. <\/strong><\/p>\n<p><strong>Ainda segundo Flota, an\u00e1lises com o DNA conclu\u00edram que eles n\u00e3o pertencem a hist\u00f3ria da evolu\u00e7\u00e3o humana. Veja v\u00eddeo:<\/strong><\/p>\n<p><iframe loading=\"lazy\" title=\"Destaque Internacional | uf\u00f3logo mexicano exibe corpos que seriam de Extra Terrestres\" width=\"500\" height=\"281\" src=\"https:\/\/www.youtube.com\/embed\/3YT6Ej4PjHo?start=4&#038;feature=oembed\" frameborder=\"0\" allow=\"accelerometer; autoplay; clipboard-write; encrypted-media; gyroscope; picture-in-picture; web-share\" referrerpolicy=\"strict-origin-when-cross-origin\" allowfullscreen><\/iframe><\/p>\n","protected":false},"excerpt":{"rendered":"<p>Um famoso uf\u00f3logo mexicano\u00a0[pessoa que estuda Objetos Voadores N\u00e3o Identificados (OVNI)], exibiu nesta \u00faltima ter\u00e7a-feira (12), em uma audi\u00eancia sobre fen\u00f4menos an\u00f4malos no Congresso Nacional do M\u00e9xico, aquilo que ele diz serem corpos de seres alien\u00edgenas. Uf\u00f3logo, jornalista e produtor de um programa sobre o tema na televis\u00e3o mexicana, Jaime Maussan Flota disse que os [&hellip;]<\/p>\n","protected":false},"author":2,"featured_media":112690,"comment_status":"closed","ping_status":"open","sticky":false,"template":"","format":"standard","meta":{"footnotes":"","_links_to":"","_links_to_target":""},"categories":[1],"tags":[],"class_list":["post-112687","post","type-post","status-publish","format-standard","has-post-thumbnail","hentry","category-geral"],"views":684,"_links":{"self":[{"href":"https:\/\/www.sudoestehoje.com.br\/novoportal\/wp-json\/wp\/v2\/posts\/112687","targetHints":{"allow":["GET"]}}],"collection":[{"href":"https:\/\/www.sudoestehoje.com.br\/novoportal\/wp-json\/wp\/v2\/posts"}],"about":[{"href":"https:\/\/www.sudoestehoje.com.br\/novoportal\/wp-json\/wp\/v2\/types\/post"}],"author":[{"embeddable":true,"href":"https:\/\/www.sudoestehoje.com.br\/novoportal\/wp-json\/wp\/v2\/users\/2"}],"replies":[{"embeddable":true,"href":"https:\/\/www.sudoestehoje.com.br\/novoportal\/wp-json\/wp\/v2\/comments?post=112687"}],"version-history":[{"count":3,"href":"https:\/\/www.sudoestehoje.com.br\/novoportal\/wp-json\/wp\/v2\/posts\/112687\/revisions"}],"predecessor-version":[{"id":112691,"href":"https:\/\/www.sudoestehoje.com.br\/novoportal\/wp-json\/wp\/v2\/posts\/112687\/revisions\/112691"}],"wp:featuredmedia":[{"embeddable":true,"href":"https:\/\/www.sudoestehoje.com.br\/novoportal\/wp-json\/wp\/v2\/media\/112690"}],"wp:attachment":[{"href":"https:\/\/www.sudoestehoje.com.br\/novoportal\/wp-json\/wp\/v2\/media?parent=112687"}],"wp:term":[{"taxonomy":"category","embeddable":true,"href":"https:\/\/www.sudoestehoje.com.br\/novoportal\/wp-json\/wp\/v2\/categories?post=112687"},{"taxonomy":"post_tag","embeddable":true,"href":"https:\/\/www.sudoestehoje.com.br\/novoportal\/wp-json\/wp\/v2\/tags?post=112687"}],"curies":[{"name":"wp","href":"https:\/\/api.w.org\/{rel}","templated":true}]}}