
{"id":112682,"date":"2023-09-14T17:03:58","date_gmt":"2023-09-14T20:03:58","guid":{"rendered":"https:\/\/www.sudoestehoje.com.br\/novoportal\/?p=112682"},"modified":"2023-09-14T17:06:16","modified_gmt":"2023-09-14T20:06:16","slug":"itarantim-bandidos-sequestram-fazendeiro-e-acabam-mortos-pela-pm","status":"publish","type":"post","link":"https:\/\/www.sudoestehoje.com.br\/novoportal\/2023\/09\/14\/itarantim-bandidos-sequestram-fazendeiro-e-acabam-mortos-pela-pm\/","title":{"rendered":"REGI\u00c3O | BANDIDOS SE D\u00c3O MAL EM SEQUESTRO DE FAZENDEIRO EM ITARANTIM"},"content":{"rendered":"<p><img loading=\"lazy\" decoding=\"async\" class=\"alignnone wp-image-112683\" src=\"https:\/\/www.sudoestehoje.com.br\/novoportal\/wp-content\/uploads\/2023\/09\/382-POTI-600x400.jpg\" alt=\"\" width=\"549\" height=\"366\" srcset=\"https:\/\/www.sudoestehoje.com.br\/novoportal\/wp-content\/uploads\/2023\/09\/382-POTI-600x400.jpg 600w, https:\/\/www.sudoestehoje.com.br\/novoportal\/wp-content\/uploads\/2023\/09\/382-POTI.jpg 700w\" sizes=\"auto, (max-width: 549px) 100vw, 549px\" \/><\/p>\n<p><strong>Tr\u00eas homens suspeitos de sequestrar um fazendeiro em Itarantim, no Centro Sul da Bahia, foram mortos durante Opera\u00e7\u00e3o Policial da 8\u00aa Companhia Independente de Pol\u00edcia Militar.<\/strong><\/p>\n<p><strong> O crime e o tiroteio aconteceram na quarta-feira (13). Segundo a Pol\u00edcia Civil, os suspeitos invadiram a propriedade rural da v\u00edtima e roubaram pertences do fazendeiro, de 77 anos, e da esposa dele, de 55. Em seguida, o trio obrigou o casal a ir em um banco sacar dinheiro. Ao chegar na ag\u00eancia banc\u00e1ria, os suspeitos mandaram a mulher descer do ve\u00edculo para sacar o dinheiro e mantiveram o idoso no carro.\u00a0Ap\u00f3s perceber que ela demorou de voltar ao local, o trio fugiu com o fazendeiro. <\/strong><\/p>\n<p><strong>O idoso foi abandonado em uma rodovia \u00e0s margens entre Itarantim e Potiragu\u00e1. Horas depois, os tr\u00eas morreram no local do tiroteio.\u00a0Os corpos foram levados para o Departamento de Pol\u00edcia T\u00e9cnica (DPT) de Itapetinga. Com o trio, foram apreendidas tr\u00eas armas usadas no crime e um carro, arame, estribos, celas, caixas de som, receptor de antena, perfumes e roupas das v\u00edtimas, que seriam levados pelos suspeitos.<\/strong><\/p>\n","protected":false},"excerpt":{"rendered":"<p>Tr\u00eas homens suspeitos de sequestrar um fazendeiro em Itarantim, no Centro Sul da Bahia, foram mortos durante Opera\u00e7\u00e3o Policial da 8\u00aa Companhia Independente de Pol\u00edcia Militar. O crime e o tiroteio aconteceram na quarta-feira (13). Segundo a Pol\u00edcia Civil, os suspeitos invadiram a propriedade rural da v\u00edtima e roubaram pertences do fazendeiro, de 77 anos, [&hellip;]<\/p>\n","protected":false},"author":2,"featured_media":112683,"comment_status":"closed","ping_status":"open","sticky":false,"template":"","format":"standard","meta":{"footnotes":"","_links_to":"","_links_to_target":""},"categories":[1],"tags":[],"class_list":["post-112682","post","type-post","status-publish","format-standard","has-post-thumbnail","hentry","category-geral"],"views":1528,"_links":{"self":[{"href":"https:\/\/www.sudoestehoje.com.br\/novoportal\/wp-json\/wp\/v2\/posts\/112682","targetHints":{"allow":["GET"]}}],"collection":[{"href":"https:\/\/www.sudoestehoje.com.br\/novoportal\/wp-json\/wp\/v2\/posts"}],"about":[{"href":"https:\/\/www.sudoestehoje.com.br\/novoportal\/wp-json\/wp\/v2\/types\/post"}],"author":[{"embeddable":true,"href":"https:\/\/www.sudoestehoje.com.br\/novoportal\/wp-json\/wp\/v2\/users\/2"}],"replies":[{"embeddable":true,"href":"https:\/\/www.sudoestehoje.com.br\/novoportal\/wp-json\/wp\/v2\/comments?post=112682"}],"version-history":[{"count":3,"href":"https:\/\/www.sudoestehoje.com.br\/novoportal\/wp-json\/wp\/v2\/posts\/112682\/revisions"}],"predecessor-version":[{"id":112686,"href":"https:\/\/www.sudoestehoje.com.br\/novoportal\/wp-json\/wp\/v2\/posts\/112682\/revisions\/112686"}],"wp:featuredmedia":[{"embeddable":true,"href":"https:\/\/www.sudoestehoje.com.br\/novoportal\/wp-json\/wp\/v2\/media\/112683"}],"wp:attachment":[{"href":"https:\/\/www.sudoestehoje.com.br\/novoportal\/wp-json\/wp\/v2\/media?parent=112682"}],"wp:term":[{"taxonomy":"category","embeddable":true,"href":"https:\/\/www.sudoestehoje.com.br\/novoportal\/wp-json\/wp\/v2\/categories?post=112682"},{"taxonomy":"post_tag","embeddable":true,"href":"https:\/\/www.sudoestehoje.com.br\/novoportal\/wp-json\/wp\/v2\/tags?post=112682"}],"curies":[{"name":"wp","href":"https:\/\/api.w.org\/{rel}","templated":true}]}}