
{"id":112673,"date":"2023-09-14T12:57:08","date_gmt":"2023-09-14T15:57:08","guid":{"rendered":"https:\/\/www.sudoestehoje.com.br\/novoportal\/?p=112673"},"modified":"2023-09-14T12:57:08","modified_gmt":"2023-09-14T15:57:08","slug":"governistas-dizem-que-jeronimo-nao-vem-a-itapetinga-no-domingo-e-que-informacao-partiu-de-fonte-nao-confiavel","status":"publish","type":"post","link":"https:\/\/www.sudoestehoje.com.br\/novoportal\/2023\/09\/14\/governistas-dizem-que-jeronimo-nao-vem-a-itapetinga-no-domingo-e-que-informacao-partiu-de-fonte-nao-confiavel\/","title":{"rendered":"GOVERNISTAS DIZEM QUE JER\u00d4NIMO N\u00c3O VEM A ITAPETINGA NO DOMINGO E QUE INFORMA\u00c7\u00c3O PARTIU DE FONTE &#8216;N\u00c3O CONFI\u00c1VEL&#8217;"},"content":{"rendered":"<p><img loading=\"lazy\" decoding=\"async\" class=\"alignnone  wp-image-112679\" src=\"https:\/\/www.sudoestehoje.com.br\/novoportal\/wp-content\/uploads\/2023\/09\/jeronimo-rodrigues-600x403.webp\" alt=\"\" width=\"551\" height=\"370\" srcset=\"https:\/\/www.sudoestehoje.com.br\/novoportal\/wp-content\/uploads\/2023\/09\/jeronimo-rodrigues-600x403.webp 600w, https:\/\/www.sudoestehoje.com.br\/novoportal\/wp-content\/uploads\/2023\/09\/jeronimo-rodrigues-700x470.webp 700w, https:\/\/www.sudoestehoje.com.br\/novoportal\/wp-content\/uploads\/2023\/09\/jeronimo-rodrigues-768x516.webp 768w, https:\/\/www.sudoestehoje.com.br\/novoportal\/wp-content\/uploads\/2023\/09\/jeronimo-rodrigues.webp 881w\" sizes=\"auto, (max-width: 551px) 100vw, 551px\" \/><\/p>\n<p><strong>Divulgada por um pequeno blog ligado \u00e0 ala petista em Itapetinga, uma suposta vinda do governador Jer\u00f4nimo Rodrigues \u00e0 &#8216;Capital da Pecu\u00e1ria&#8217;, no pr\u00f3ximo domingo, foi categoricamente desmentida por representantes do governo, sob a alega\u00e7\u00e3o de que a informa\u00e7\u00e3o \u00e9 &#8216;FAKE&#8217; e que a fonte &#8216;N\u00c3O \u00c9 CONFI\u00c1VEL&#8217;.<\/strong><\/p>\n<p><strong>A falsa agenda do governador foi divulgada em grupos nas redes sociais, como se fosse oficial, mas n\u00e3o passou de uma &#8220;mais uma barrigada do blogueiro&#8221;, segundo importante fonte ligada ao Governo do Estado.<\/strong><\/p>\n<p><strong>Na parte da manh\u00e3 desta quinta (14), entretanto, o gabinete do governador entrou em contato com o prefeito Rodrigo Hagge, propondo combinar uma agenda futura para as inaugura\u00e7\u00f5es do Complexo Esportivo e Aer\u00f3dromo do munic\u00edpio, que acaba de ser reformado.<\/strong><\/p>\n<p><strong>O prefeito Rodrigo Hagge informou ao <em>Sudoeste Hoje<\/em> que dever\u00e1 participar das inaugura\u00e7\u00f5es, juntamente com seus apoiadores, na data que for definida de comum acordo com o governador.<\/strong><\/p>\n<p><strong>Reda\u00e7\u00e3o SH<\/strong><\/p>\n","protected":false},"excerpt":{"rendered":"<p>Divulgada por um pequeno blog ligado \u00e0 ala petista em Itapetinga, uma suposta vinda do governador Jer\u00f4nimo Rodrigues \u00e0 &#8216;Capital da Pecu\u00e1ria&#8217;, no pr\u00f3ximo domingo, foi categoricamente desmentida por representantes do governo, sob a alega\u00e7\u00e3o de que a informa\u00e7\u00e3o \u00e9 &#8216;FAKE&#8217; e que a fonte &#8216;N\u00c3O \u00c9 CONFI\u00c1VEL&#8217;. A falsa agenda do governador foi divulgada [&hellip;]<\/p>\n","protected":false},"author":2,"featured_media":112679,"comment_status":"closed","ping_status":"open","sticky":false,"template":"","format":"standard","meta":{"footnotes":"","_links_to":"","_links_to_target":""},"categories":[1],"tags":[],"class_list":["post-112673","post","type-post","status-publish","format-standard","has-post-thumbnail","hentry","category-geral"],"views":737,"_links":{"self":[{"href":"https:\/\/www.sudoestehoje.com.br\/novoportal\/wp-json\/wp\/v2\/posts\/112673","targetHints":{"allow":["GET"]}}],"collection":[{"href":"https:\/\/www.sudoestehoje.com.br\/novoportal\/wp-json\/wp\/v2\/posts"}],"about":[{"href":"https:\/\/www.sudoestehoje.com.br\/novoportal\/wp-json\/wp\/v2\/types\/post"}],"author":[{"embeddable":true,"href":"https:\/\/www.sudoestehoje.com.br\/novoportal\/wp-json\/wp\/v2\/users\/2"}],"replies":[{"embeddable":true,"href":"https:\/\/www.sudoestehoje.com.br\/novoportal\/wp-json\/wp\/v2\/comments?post=112673"}],"version-history":[{"count":7,"href":"https:\/\/www.sudoestehoje.com.br\/novoportal\/wp-json\/wp\/v2\/posts\/112673\/revisions"}],"predecessor-version":[{"id":112681,"href":"https:\/\/www.sudoestehoje.com.br\/novoportal\/wp-json\/wp\/v2\/posts\/112673\/revisions\/112681"}],"wp:featuredmedia":[{"embeddable":true,"href":"https:\/\/www.sudoestehoje.com.br\/novoportal\/wp-json\/wp\/v2\/media\/112679"}],"wp:attachment":[{"href":"https:\/\/www.sudoestehoje.com.br\/novoportal\/wp-json\/wp\/v2\/media?parent=112673"}],"wp:term":[{"taxonomy":"category","embeddable":true,"href":"https:\/\/www.sudoestehoje.com.br\/novoportal\/wp-json\/wp\/v2\/categories?post=112673"},{"taxonomy":"post_tag","embeddable":true,"href":"https:\/\/www.sudoestehoje.com.br\/novoportal\/wp-json\/wp\/v2\/tags?post=112673"}],"curies":[{"name":"wp","href":"https:\/\/api.w.org\/{rel}","templated":true}]}}