
{"id":112665,"date":"2023-09-14T08:49:43","date_gmt":"2023-09-14T11:49:43","guid":{"rendered":"https:\/\/www.sudoestehoje.com.br\/novoportal\/?p=112665"},"modified":"2023-09-14T08:53:02","modified_gmt":"2023-09-14T11:53:02","slug":"itapetinga-apos-denuncia-no-ministerio-publico-governdor-apressa-inauguracao-do-complexo-poliesportivo","status":"publish","type":"post","link":"https:\/\/www.sudoestehoje.com.br\/novoportal\/2023\/09\/14\/itapetinga-apos-denuncia-no-ministerio-publico-governdor-apressa-inauguracao-do-complexo-poliesportivo\/","title":{"rendered":"ITAPETINGA | AP\u00d3S DEN\u00daNCIA NO MINIST\u00c9RIO P\u00daBLICO, GOVERNDOR APRESSA INAUGURA\u00c7\u00c3O DO COMPLEXO POLIESPORTIVO"},"content":{"rendered":"<p><img loading=\"lazy\" decoding=\"async\" class=\"alignnone wp-image-112594\" src=\"https:\/\/www.sudoestehoje.com.br\/novoportal\/wp-content\/uploads\/2023\/09\/WhatsApp-Image-2023-09-11-at-09.50.00-600x503.jpeg\" alt=\"\" width=\"550\" height=\"461\" srcset=\"https:\/\/www.sudoestehoje.com.br\/novoportal\/wp-content\/uploads\/2023\/09\/WhatsApp-Image-2023-09-11-at-09.50.00-600x503.jpeg 600w, https:\/\/www.sudoestehoje.com.br\/novoportal\/wp-content\/uploads\/2023\/09\/WhatsApp-Image-2023-09-11-at-09.50.00-700x587.jpeg 700w, https:\/\/www.sudoestehoje.com.br\/novoportal\/wp-content\/uploads\/2023\/09\/WhatsApp-Image-2023-09-11-at-09.50.00-768x644.jpeg 768w, https:\/\/www.sudoestehoje.com.br\/novoportal\/wp-content\/uploads\/2023\/09\/WhatsApp-Image-2023-09-11-at-09.50.00.jpeg 940w\" sizes=\"auto, (max-width: 550px) 100vw, 550px\" \/><\/p>\n<p><strong>Pronto e fechado h\u00e1 15 meses, o Complexo Poliesportivo Educacional de Itapetinga poder\u00e1 finalmente ser inaugurado e aberto ao p\u00fablico pelo governador da Bahia Jer\u00f4nimo Rodrigues, no pr\u00f3ximo domingo, segundo informa\u00e7\u00f5es que circulam nas redes sociais, ap\u00f3s 15 meses e 6 cancelamentos.<\/strong><\/p>\n<p><strong>DEN\u00daNCIA NO MINIST\u00c9RIO PUBLICO<\/strong><\/p>\n<p><strong>O descaso proposital do governo da Bahia para com Itapetinga, causou indigna\u00e7\u00e3o \u00e0 popula\u00e7\u00e3o do munic\u00edpio, levando o advogado Davi Ferraz a impetrar DEN\u00daNCIA junto ao Minist\u00e9rio P\u00fablico da Bahia, solicitando a abertura imediata do importante equipamento p\u00fablico, o que repercutiu em toda a Bahia. A den\u00fancia tramita no MP, mas j\u00e1 \u00e9 do conhecimento do gabinete do governador e de seus aliados em Itapetinga.<\/strong><\/p>\n<p><strong><em>&#8220;Coincid\u00eancia ou n\u00e3o, o governo resolveu apressadamente agendar a abertura do Complexo Poliesportivo, depois de seis cancelamentos e 15 meses de espera, o que irritou a popula\u00e7\u00e3o. Por esta raz\u00e3o, ingressamos com uma den\u00fancia no MP, pedindo a abertura do novo equipamento e do antigo Gin\u00e1sio de Esportes, que foi reformado, para atender as demandas das escolas da rede p\u00fablica e tamb\u00e9m dos desportistas da cidade, que almejam a sua utiliza\u00e7\u00e3o&#8221;<\/em>, desabafou Davi Ferraz, autor da den\u00fancia.<\/strong><\/p>\n<p><strong>A inaugura\u00e7\u00e3o est\u00e1 prevista para acontecer no pr\u00f3ximo domingo (17), pela manh\u00e3, se n\u00e3o houver outro cancelamento na &#8220;flex\u00edvel&#8221; agenda do governador.<\/strong><\/p>\n<p><strong>Reda\u00e7\u00e3o SH<\/strong><\/p>\n","protected":false},"excerpt":{"rendered":"<p>Pronto e fechado h\u00e1 15 meses, o Complexo Poliesportivo Educacional de Itapetinga poder\u00e1 finalmente ser inaugurado e aberto ao p\u00fablico pelo governador da Bahia Jer\u00f4nimo Rodrigues, no pr\u00f3ximo domingo, segundo informa\u00e7\u00f5es que circulam nas redes sociais, ap\u00f3s 15 meses e 6 cancelamentos. DEN\u00daNCIA NO MINIST\u00c9RIO PUBLICO O descaso proposital do governo da Bahia para com [&hellip;]<\/p>\n","protected":false},"author":2,"featured_media":112594,"comment_status":"closed","ping_status":"open","sticky":false,"template":"","format":"standard","meta":{"footnotes":"","_links_to":"","_links_to_target":""},"categories":[1],"tags":[],"class_list":["post-112665","post","type-post","status-publish","format-standard","has-post-thumbnail","hentry","category-geral"],"views":697,"_links":{"self":[{"href":"https:\/\/www.sudoestehoje.com.br\/novoportal\/wp-json\/wp\/v2\/posts\/112665","targetHints":{"allow":["GET"]}}],"collection":[{"href":"https:\/\/www.sudoestehoje.com.br\/novoportal\/wp-json\/wp\/v2\/posts"}],"about":[{"href":"https:\/\/www.sudoestehoje.com.br\/novoportal\/wp-json\/wp\/v2\/types\/post"}],"author":[{"embeddable":true,"href":"https:\/\/www.sudoestehoje.com.br\/novoportal\/wp-json\/wp\/v2\/users\/2"}],"replies":[{"embeddable":true,"href":"https:\/\/www.sudoestehoje.com.br\/novoportal\/wp-json\/wp\/v2\/comments?post=112665"}],"version-history":[{"count":6,"href":"https:\/\/www.sudoestehoje.com.br\/novoportal\/wp-json\/wp\/v2\/posts\/112665\/revisions"}],"predecessor-version":[{"id":112671,"href":"https:\/\/www.sudoestehoje.com.br\/novoportal\/wp-json\/wp\/v2\/posts\/112665\/revisions\/112671"}],"wp:featuredmedia":[{"embeddable":true,"href":"https:\/\/www.sudoestehoje.com.br\/novoportal\/wp-json\/wp\/v2\/media\/112594"}],"wp:attachment":[{"href":"https:\/\/www.sudoestehoje.com.br\/novoportal\/wp-json\/wp\/v2\/media?parent=112665"}],"wp:term":[{"taxonomy":"category","embeddable":true,"href":"https:\/\/www.sudoestehoje.com.br\/novoportal\/wp-json\/wp\/v2\/categories?post=112665"},{"taxonomy":"post_tag","embeddable":true,"href":"https:\/\/www.sudoestehoje.com.br\/novoportal\/wp-json\/wp\/v2\/tags?post=112665"}],"curies":[{"name":"wp","href":"https:\/\/api.w.org\/{rel}","templated":true}]}}