
{"id":112639,"date":"2023-09-12T17:48:55","date_gmt":"2023-09-12T20:48:55","guid":{"rendered":"https:\/\/www.sudoestehoje.com.br\/novoportal\/?p=112639"},"modified":"2023-09-12T17:48:55","modified_gmt":"2023-09-12T20:48:55","slug":"luto-prefeitura-de-itapetinga-emite-nota-de-pesar-pelo-falecimento-da-pequena-anna-sofhia-souza-brito","status":"publish","type":"post","link":"https:\/\/www.sudoestehoje.com.br\/novoportal\/2023\/09\/12\/luto-prefeitura-de-itapetinga-emite-nota-de-pesar-pelo-falecimento-da-pequena-anna-sofhia-souza-brito\/","title":{"rendered":"LUTO | PREFEITURA DE ITAPETINGA EMITE NOTA DE PESAR PELO FALECIMENTO DA PEQUENA ANNA SOFHIA SOUZA BRITO"},"content":{"rendered":"<p><img loading=\"lazy\" decoding=\"async\" class=\"alignnone  wp-image-112642\" src=\"https:\/\/www.sudoestehoje.com.br\/novoportal\/wp-content\/uploads\/2023\/09\/Ii2a9Th-600x360.jpg\" alt=\"\" width=\"550\" height=\"330\" srcset=\"https:\/\/www.sudoestehoje.com.br\/novoportal\/wp-content\/uploads\/2023\/09\/Ii2a9Th-600x360.jpg 600w, https:\/\/www.sudoestehoje.com.br\/novoportal\/wp-content\/uploads\/2023\/09\/Ii2a9Th.jpg 650w\" sizes=\"auto, (max-width: 550px) 100vw, 550px\" \/><\/p>\n<p><strong>Foi com muito pesar que recebemos a not\u00edcia do falecimento de mais um aluno da nossa rede municipal. Anna Sofhia Souza Brito tinha 6 anos e estudava no col\u00e9gio D. Maria Sales. Nesta ter\u00e7a-feira, ela nos deixou, v\u00edtima de uma parada cardiorrespirat\u00f3ria. A dor da perda de uma crian\u00e7a \u00e9 imensur\u00e1vel. Fica, al\u00e9m da saudade, o vazio da vida n\u00e3o vivida, dos sonhos n\u00e3o realizados, do futuro n\u00e3o concretizado. A prefeitura de Itapetinga junta-se \u00e0 fam\u00edlia e amigos nesse momento de consterna\u00e7\u00e3o, rogando a Deus que envie a todos os que ficam a for\u00e7a necess\u00e1ria para aceitar os Seus des\u00edgnios. Que cada um possa atravessar o luto de forma serena e seguir em frente com f\u00e9 na certeza de que os prop\u00f3sitos foram cumpridos.<\/strong><\/p>\n","protected":false},"excerpt":{"rendered":"<p>Foi com muito pesar que recebemos a not\u00edcia do falecimento de mais um aluno da nossa rede municipal. Anna Sofhia Souza Brito tinha 6 anos e estudava no col\u00e9gio D. Maria Sales. Nesta ter\u00e7a-feira, ela nos deixou, v\u00edtima de uma parada cardiorrespirat\u00f3ria. A dor da perda de uma crian\u00e7a \u00e9 imensur\u00e1vel. Fica, al\u00e9m da saudade, [&hellip;]<\/p>\n","protected":false},"author":2,"featured_media":112642,"comment_status":"closed","ping_status":"open","sticky":false,"template":"","format":"standard","meta":{"footnotes":"","_links_to":"","_links_to_target":""},"categories":[1],"tags":[],"class_list":["post-112639","post","type-post","status-publish","format-standard","has-post-thumbnail","hentry","category-geral"],"views":1394,"_links":{"self":[{"href":"https:\/\/www.sudoestehoje.com.br\/novoportal\/wp-json\/wp\/v2\/posts\/112639","targetHints":{"allow":["GET"]}}],"collection":[{"href":"https:\/\/www.sudoestehoje.com.br\/novoportal\/wp-json\/wp\/v2\/posts"}],"about":[{"href":"https:\/\/www.sudoestehoje.com.br\/novoportal\/wp-json\/wp\/v2\/types\/post"}],"author":[{"embeddable":true,"href":"https:\/\/www.sudoestehoje.com.br\/novoportal\/wp-json\/wp\/v2\/users\/2"}],"replies":[{"embeddable":true,"href":"https:\/\/www.sudoestehoje.com.br\/novoportal\/wp-json\/wp\/v2\/comments?post=112639"}],"version-history":[{"count":3,"href":"https:\/\/www.sudoestehoje.com.br\/novoportal\/wp-json\/wp\/v2\/posts\/112639\/revisions"}],"predecessor-version":[{"id":112643,"href":"https:\/\/www.sudoestehoje.com.br\/novoportal\/wp-json\/wp\/v2\/posts\/112639\/revisions\/112643"}],"wp:featuredmedia":[{"embeddable":true,"href":"https:\/\/www.sudoestehoje.com.br\/novoportal\/wp-json\/wp\/v2\/media\/112642"}],"wp:attachment":[{"href":"https:\/\/www.sudoestehoje.com.br\/novoportal\/wp-json\/wp\/v2\/media?parent=112639"}],"wp:term":[{"taxonomy":"category","embeddable":true,"href":"https:\/\/www.sudoestehoje.com.br\/novoportal\/wp-json\/wp\/v2\/categories?post=112639"},{"taxonomy":"post_tag","embeddable":true,"href":"https:\/\/www.sudoestehoje.com.br\/novoportal\/wp-json\/wp\/v2\/tags?post=112639"}],"curies":[{"name":"wp","href":"https:\/\/api.w.org\/{rel}","templated":true}]}}