
{"id":112625,"date":"2023-09-12T09:47:20","date_gmt":"2023-09-12T12:47:20","guid":{"rendered":"https:\/\/www.sudoestehoje.com.br\/novoportal\/?p=112625"},"modified":"2023-09-12T09:58:33","modified_gmt":"2023-09-12T12:58:33","slug":"economia-petrobras-aumenta-preco-do-diesel-pela-7a-semana-consecutiva","status":"publish","type":"post","link":"https:\/\/www.sudoestehoje.com.br\/novoportal\/2023\/09\/12\/economia-petrobras-aumenta-preco-do-diesel-pela-7a-semana-consecutiva\/","title":{"rendered":"ECONOMIA | PETROBRAS AUMENTA PRE\u00c7O DO DIESEL PELA 7\u00aa SEMANA CONSECUTIVA"},"content":{"rendered":"<p><img loading=\"lazy\" decoding=\"async\" class=\"alignnone wp-image-112627\" src=\"https:\/\/www.sudoestehoje.com.br\/novoportal\/wp-content\/uploads\/2023\/09\/b2246cc0-862b-11e9-9074-00505697492c-wp-1-660x372-1-600x338.jpg\" alt=\"\" width=\"550\" height=\"310\" srcset=\"https:\/\/www.sudoestehoje.com.br\/novoportal\/wp-content\/uploads\/2023\/09\/b2246cc0-862b-11e9-9074-00505697492c-wp-1-660x372-1-600x338.jpg 600w, https:\/\/www.sudoestehoje.com.br\/novoportal\/wp-content\/uploads\/2023\/09\/b2246cc0-862b-11e9-9074-00505697492c-wp-1-660x372-1.jpg 660w\" sizes=\"auto, (max-width: 550px) 100vw, 550px\" \/><\/p>\n<p><strong>O pre\u00e7o do diesel alcan\u00e7ou R$ 6,05 na m\u00e9dia dos postos brasileiros no per\u00edodo de 3 a 9 de setembro, um aumento de R$ 0,02 em compara\u00e7\u00e3o \u00e0 semana anterior. Esse valor representa o 7\u00ba aumento consecutivo no valor do combust\u00edvel. <\/strong><\/p>\n<p><strong>Os dados s\u00e3o da ANP (Ag\u00eancia Nacional do Petr\u00f3leo, G\u00e1s Natural e Biocombust\u00edveis) e foram divulgados nesta 2\u00aa feira (11.set.2023).<\/strong><\/p>\n<p><img loading=\"lazy\" decoding=\"async\" class=\"alignnone wp-image-112630\" src=\"https:\/\/www.sudoestehoje.com.br\/novoportal\/wp-content\/uploads\/2023\/09\/preco-gasolina-diesel-petroleo-drive-5-set-01-1-1536x1536-2-600x533.png\" alt=\"\" width=\"550\" height=\"489\" srcset=\"https:\/\/www.sudoestehoje.com.br\/novoportal\/wp-content\/uploads\/2023\/09\/preco-gasolina-diesel-petroleo-drive-5-set-01-1-1536x1536-2-600x533.png 600w, https:\/\/www.sudoestehoje.com.br\/novoportal\/wp-content\/uploads\/2023\/09\/preco-gasolina-diesel-petroleo-drive-5-set-01-1-1536x1536-2-700x622.png 700w, https:\/\/www.sudoestehoje.com.br\/novoportal\/wp-content\/uploads\/2023\/09\/preco-gasolina-diesel-petroleo-drive-5-set-01-1-1536x1536-2-768x682.png 768w, https:\/\/www.sudoestehoje.com.br\/novoportal\/wp-content\/uploads\/2023\/09\/preco-gasolina-diesel-petroleo-drive-5-set-01-1-1536x1536-2.png 1521w\" sizes=\"auto, (max-width: 550px) 100vw, 550px\" \/><\/p>\n<p><strong>O Estado com o diesel mais caro do pa\u00eds na semana passada foi o Par\u00e1, com um pre\u00e7o m\u00e9dio de R$ 6,63. O Amazonas registrou o menor valor com R$ 5,78. O diesel S10, principal combust\u00edvel usado em caminh\u00f5es, registrou um pre\u00e7o m\u00e9dio de R$ 6,18 no pa\u00eds.<\/strong><\/p>\n","protected":false},"excerpt":{"rendered":"<p>O pre\u00e7o do diesel alcan\u00e7ou R$ 6,05 na m\u00e9dia dos postos brasileiros no per\u00edodo de 3 a 9 de setembro, um aumento de R$ 0,02 em compara\u00e7\u00e3o \u00e0 semana anterior. Esse valor representa o 7\u00ba aumento consecutivo no valor do combust\u00edvel. Os dados s\u00e3o da ANP (Ag\u00eancia Nacional do Petr\u00f3leo, G\u00e1s Natural e Biocombust\u00edveis) e [&hellip;]<\/p>\n","protected":false},"author":2,"featured_media":112627,"comment_status":"closed","ping_status":"open","sticky":false,"template":"","format":"standard","meta":{"footnotes":"","_links_to":"","_links_to_target":""},"categories":[1],"tags":[],"class_list":["post-112625","post","type-post","status-publish","format-standard","has-post-thumbnail","hentry","category-geral"],"views":675,"_links":{"self":[{"href":"https:\/\/www.sudoestehoje.com.br\/novoportal\/wp-json\/wp\/v2\/posts\/112625","targetHints":{"allow":["GET"]}}],"collection":[{"href":"https:\/\/www.sudoestehoje.com.br\/novoportal\/wp-json\/wp\/v2\/posts"}],"about":[{"href":"https:\/\/www.sudoestehoje.com.br\/novoportal\/wp-json\/wp\/v2\/types\/post"}],"author":[{"embeddable":true,"href":"https:\/\/www.sudoestehoje.com.br\/novoportal\/wp-json\/wp\/v2\/users\/2"}],"replies":[{"embeddable":true,"href":"https:\/\/www.sudoestehoje.com.br\/novoportal\/wp-json\/wp\/v2\/comments?post=112625"}],"version-history":[{"count":5,"href":"https:\/\/www.sudoestehoje.com.br\/novoportal\/wp-json\/wp\/v2\/posts\/112625\/revisions"}],"predecessor-version":[{"id":112633,"href":"https:\/\/www.sudoestehoje.com.br\/novoportal\/wp-json\/wp\/v2\/posts\/112625\/revisions\/112633"}],"wp:featuredmedia":[{"embeddable":true,"href":"https:\/\/www.sudoestehoje.com.br\/novoportal\/wp-json\/wp\/v2\/media\/112627"}],"wp:attachment":[{"href":"https:\/\/www.sudoestehoje.com.br\/novoportal\/wp-json\/wp\/v2\/media?parent=112625"}],"wp:term":[{"taxonomy":"category","embeddable":true,"href":"https:\/\/www.sudoestehoje.com.br\/novoportal\/wp-json\/wp\/v2\/categories?post=112625"},{"taxonomy":"post_tag","embeddable":true,"href":"https:\/\/www.sudoestehoje.com.br\/novoportal\/wp-json\/wp\/v2\/tags?post=112625"}],"curies":[{"name":"wp","href":"https:\/\/api.w.org\/{rel}","templated":true}]}}