
{"id":112622,"date":"2023-09-12T09:37:27","date_gmt":"2023-09-12T12:37:27","guid":{"rendered":"https:\/\/www.sudoestehoje.com.br\/novoportal\/?p=112622"},"modified":"2023-09-12T09:37:27","modified_gmt":"2023-09-12T12:37:27","slug":"planalto-justica-federal-suspende-direitos-politicos-do-prefeito-e-dois-vereadores","status":"publish","type":"post","link":"https:\/\/www.sudoestehoje.com.br\/novoportal\/2023\/09\/12\/planalto-justica-federal-suspende-direitos-politicos-do-prefeito-e-dois-vereadores\/","title":{"rendered":"PLANALTO | JUSTI\u00c7A FEDERAL SUSPENDE DIREITOS POL\u00cdTICOS DO PREFEITO E DOIS VEREADORES"},"content":{"rendered":"<p><img loading=\"lazy\" decoding=\"async\" class=\"alignnone  wp-image-112623\" src=\"https:\/\/www.sudoestehoje.com.br\/novoportal\/wp-content\/uploads\/2023\/09\/n_13686665_1043322712449149_8293737995974301992_n.jpg\" alt=\"\" width=\"550\" height=\"275\" \/><\/p>\n<p><strong>O juiz Diego Carmo de Souza, da Justi\u00e7a Federal de Vit\u00f3ria da Conquista, suspendeu os direitos pol\u00edticos do prefeito de Planalto, Cloves Andrade, e dos vereadores Hernildo Rocha e Naum Amorim. A decis\u00e3o se deu ap\u00f3s os pol\u00edticos serem condenados por improbidade administrativa.<\/strong><\/p>\n<p><strong>A decis\u00e3o foi proferida em mar\u00e7o de 2023, mas estava em segredo de justi\u00e7a. Ela foi publicizada em 31 de agosto ap\u00f3s pedido de uma das partes.<\/strong><\/p>\n<p><strong>O magistrado\u00a0atendeu a um pedido apresentado pelo Minist\u00e9rio P\u00fablico Federal. Em uma a\u00e7\u00e3o civil p\u00fablica, o MPF apontou que o gestor municipal, ao lado dos vereadores, praticou improbidade administrativa durante o processo de contrata\u00e7\u00e3o da empresa COOTEVIC para presta\u00e7\u00e3o de servi\u00e7o de transporte para a sa\u00fade.<\/strong><\/p>\n","protected":false},"excerpt":{"rendered":"<p>O juiz Diego Carmo de Souza, da Justi\u00e7a Federal de Vit\u00f3ria da Conquista, suspendeu os direitos pol\u00edticos do prefeito de Planalto, Cloves Andrade, e dos vereadores Hernildo Rocha e Naum Amorim. A decis\u00e3o se deu ap\u00f3s os pol\u00edticos serem condenados por improbidade administrativa. A decis\u00e3o foi proferida em mar\u00e7o de 2023, mas estava em segredo [&hellip;]<\/p>\n","protected":false},"author":2,"featured_media":112623,"comment_status":"closed","ping_status":"open","sticky":false,"template":"","format":"standard","meta":{"footnotes":"","_links_to":"","_links_to_target":""},"categories":[1],"tags":[],"class_list":["post-112622","post","type-post","status-publish","format-standard","has-post-thumbnail","hentry","category-geral"],"views":778,"_links":{"self":[{"href":"https:\/\/www.sudoestehoje.com.br\/novoportal\/wp-json\/wp\/v2\/posts\/112622","targetHints":{"allow":["GET"]}}],"collection":[{"href":"https:\/\/www.sudoestehoje.com.br\/novoportal\/wp-json\/wp\/v2\/posts"}],"about":[{"href":"https:\/\/www.sudoestehoje.com.br\/novoportal\/wp-json\/wp\/v2\/types\/post"}],"author":[{"embeddable":true,"href":"https:\/\/www.sudoestehoje.com.br\/novoportal\/wp-json\/wp\/v2\/users\/2"}],"replies":[{"embeddable":true,"href":"https:\/\/www.sudoestehoje.com.br\/novoportal\/wp-json\/wp\/v2\/comments?post=112622"}],"version-history":[{"count":1,"href":"https:\/\/www.sudoestehoje.com.br\/novoportal\/wp-json\/wp\/v2\/posts\/112622\/revisions"}],"predecessor-version":[{"id":112624,"href":"https:\/\/www.sudoestehoje.com.br\/novoportal\/wp-json\/wp\/v2\/posts\/112622\/revisions\/112624"}],"wp:featuredmedia":[{"embeddable":true,"href":"https:\/\/www.sudoestehoje.com.br\/novoportal\/wp-json\/wp\/v2\/media\/112623"}],"wp:attachment":[{"href":"https:\/\/www.sudoestehoje.com.br\/novoportal\/wp-json\/wp\/v2\/media?parent=112622"}],"wp:term":[{"taxonomy":"category","embeddable":true,"href":"https:\/\/www.sudoestehoje.com.br\/novoportal\/wp-json\/wp\/v2\/categories?post=112622"},{"taxonomy":"post_tag","embeddable":true,"href":"https:\/\/www.sudoestehoje.com.br\/novoportal\/wp-json\/wp\/v2\/tags?post=112622"}],"curies":[{"name":"wp","href":"https:\/\/api.w.org\/{rel}","templated":true}]}}