
{"id":112617,"date":"2023-09-12T09:26:21","date_gmt":"2023-09-12T12:26:21","guid":{"rendered":"https:\/\/www.sudoestehoje.com.br\/novoportal\/?p=112617"},"modified":"2023-09-12T09:26:21","modified_gmt":"2023-09-12T12:26:21","slug":"temporais-e-queda-de-granizo-voltam-a-ameacar-regiao-sul-nesta-terca-feira","status":"publish","type":"post","link":"https:\/\/www.sudoestehoje.com.br\/novoportal\/2023\/09\/12\/temporais-e-queda-de-granizo-voltam-a-ameacar-regiao-sul-nesta-terca-feira\/","title":{"rendered":"TEMPORAIS E QUEDA DE GRANIZO VOLTAM A AMEA\u00c7AR REGI\u00c3O SUL NESTA TER\u00c7A-FEIRA"},"content":{"rendered":"<p><img loading=\"lazy\" decoding=\"async\" class=\"alignnone  wp-image-112620\" src=\"https:\/\/www.sudoestehoje.com.br\/novoportal\/wp-content\/uploads\/2023\/09\/FUP20230904227-600x332.webp\" alt=\"\" width=\"551\" height=\"305\" srcset=\"https:\/\/www.sudoestehoje.com.br\/novoportal\/wp-content\/uploads\/2023\/09\/FUP20230904227-600x332.webp 600w, https:\/\/www.sudoestehoje.com.br\/novoportal\/wp-content\/uploads\/2023\/09\/FUP20230904227-700x387.webp 700w, https:\/\/www.sudoestehoje.com.br\/novoportal\/wp-content\/uploads\/2023\/09\/FUP20230904227-768x424.webp 768w, https:\/\/www.sudoestehoje.com.br\/novoportal\/wp-content\/uploads\/2023\/09\/FUP20230904227.webp 876w\" sizes=\"auto, (max-width: 551px) 100vw, 551px\" \/><\/p>\n<p><strong>Ap\u00f3s a passagem de um\u00a0ciclone extratropical\u00a0que matou\u00a047 pessoas no sul do Brasil durante o feriado e o final de semana, a regi\u00e3o deve voltar a enfrentar fortes\u00a0chuvas\u00a0nesta ter\u00e7a-feira (12).<\/strong><\/p>\n<p><strong>O\u00a0Instituto Nacional de Meteorologia (Inmet)\u00a0emitiu um alerta v\u00e1lido a partir das 10h da manh\u00e3 de ter\u00e7a, com possibilidade de chuvas que variam entre 50 e 100 mm por dia, com ventos acima dos 60km\/h e possibilidade de\u00a0granizo\u00a0e risco de\u00a0alagamentos.<\/strong><\/p>\n<p><strong>O alerta \u00e9 v\u00e1lido para quase todo o\u00a0Rio Grande do Sul, o oeste de\u00a0Santa Catarina\u00a0e para o sudoeste do\u00a0Paran\u00e1. No RS, as\u00a0temperaturas ficam entre 16\u00b0C e 23\u00b0C; em SC entre 19\u00b0C e 29\u00b0C; e no PR entre 15\u00b0C e 28\u00b0C.<\/strong><\/p>\n<h2><strong>Regi\u00e3o Sudeste<\/strong><\/h2>\n<p><strong>O Sudeste ter\u00e1 \u201ctempo firme no in\u00edcio da semana e temperaturas elevadas, com umidade relativa do ar abaixo do recomendado em Minas Gerais e S\u00e3o Paulo.\u201d<\/strong><\/p>\n<p><strong>A frente fria do Sul avan\u00e7a para a regi\u00e3o na quinta-feira e muda o tempo em S\u00e3o Paulo e Rio de Janeiro, com chuvas e temperaturas mais baixas.<\/strong><\/p>\n<h2><strong>Regi\u00e3o Centro-Oeste<\/strong><\/h2>\n<p><strong>No Mato Grosso do Sul, h\u00e1 possibilidade de temporais a partir de quarta.<\/strong><\/p>\n<p><strong>\u201cGoi\u00e1s e Mato Grosso ter\u00e3o tempo firme, com in\u00edcio de semana com temperaturas elevadas, a exemplo de Cuiab\u00e1, na faixa dos 41 graus\u201d, disse Sassaki.<\/strong><\/p>\n<h2><strong>Regi\u00f5es Norte e Nordeste<\/strong><\/h2>\n<p><strong>O interior do Nordeste, sul do Par\u00e1 e Tocantins ter\u00e3o temperaturas elevadas, de at\u00e9 40 graus, com chuva passageira no litoral do Nordeste e chance de pancadas no Acre, Rond\u00f4nia e Amazonas.<\/strong><\/p>\n<p><strong>Fonte CNN<\/strong><\/p>\n","protected":false},"excerpt":{"rendered":"<p>Ap\u00f3s a passagem de um\u00a0ciclone extratropical\u00a0que matou\u00a047 pessoas no sul do Brasil durante o feriado e o final de semana, a regi\u00e3o deve voltar a enfrentar fortes\u00a0chuvas\u00a0nesta ter\u00e7a-feira (12). O\u00a0Instituto Nacional de Meteorologia (Inmet)\u00a0emitiu um alerta v\u00e1lido a partir das 10h da manh\u00e3 de ter\u00e7a, com possibilidade de chuvas que variam entre 50 e 100 [&hellip;]<\/p>\n","protected":false},"author":2,"featured_media":112620,"comment_status":"closed","ping_status":"open","sticky":false,"template":"","format":"standard","meta":{"footnotes":"","_links_to":"","_links_to_target":""},"categories":[1],"tags":[],"class_list":["post-112617","post","type-post","status-publish","format-standard","has-post-thumbnail","hentry","category-geral"],"views":661,"_links":{"self":[{"href":"https:\/\/www.sudoestehoje.com.br\/novoportal\/wp-json\/wp\/v2\/posts\/112617","targetHints":{"allow":["GET"]}}],"collection":[{"href":"https:\/\/www.sudoestehoje.com.br\/novoportal\/wp-json\/wp\/v2\/posts"}],"about":[{"href":"https:\/\/www.sudoestehoje.com.br\/novoportal\/wp-json\/wp\/v2\/types\/post"}],"author":[{"embeddable":true,"href":"https:\/\/www.sudoestehoje.com.br\/novoportal\/wp-json\/wp\/v2\/users\/2"}],"replies":[{"embeddable":true,"href":"https:\/\/www.sudoestehoje.com.br\/novoportal\/wp-json\/wp\/v2\/comments?post=112617"}],"version-history":[{"count":3,"href":"https:\/\/www.sudoestehoje.com.br\/novoportal\/wp-json\/wp\/v2\/posts\/112617\/revisions"}],"predecessor-version":[{"id":112621,"href":"https:\/\/www.sudoestehoje.com.br\/novoportal\/wp-json\/wp\/v2\/posts\/112617\/revisions\/112621"}],"wp:featuredmedia":[{"embeddable":true,"href":"https:\/\/www.sudoestehoje.com.br\/novoportal\/wp-json\/wp\/v2\/media\/112620"}],"wp:attachment":[{"href":"https:\/\/www.sudoestehoje.com.br\/novoportal\/wp-json\/wp\/v2\/media?parent=112617"}],"wp:term":[{"taxonomy":"category","embeddable":true,"href":"https:\/\/www.sudoestehoje.com.br\/novoportal\/wp-json\/wp\/v2\/categories?post=112617"},{"taxonomy":"post_tag","embeddable":true,"href":"https:\/\/www.sudoestehoje.com.br\/novoportal\/wp-json\/wp\/v2\/tags?post=112617"}],"curies":[{"name":"wp","href":"https:\/\/api.w.org\/{rel}","templated":true}]}}