
{"id":112586,"date":"2023-09-11T09:59:37","date_gmt":"2023-09-11T12:59:37","guid":{"rendered":"https:\/\/www.sudoestehoje.com.br\/novoportal\/?p=112586"},"modified":"2023-09-11T10:54:30","modified_gmt":"2023-09-11T13:54:30","slug":"mancada-complexo-poliesportivo-fechado-desgasta-base-do-governo-em-itapetinga","status":"publish","type":"post","link":"https:\/\/www.sudoestehoje.com.br\/novoportal\/2023\/09\/11\/mancada-complexo-poliesportivo-fechado-desgasta-base-do-governo-em-itapetinga\/","title":{"rendered":"MANCADA | COMPLEXO POLIESPORTIVO FECHADO DESGASTA BASE DO GOVERNO EM ITAPETINGA"},"content":{"rendered":"<p><img loading=\"lazy\" decoding=\"async\" class=\"alignnone wp-image-112594\" src=\"https:\/\/www.sudoestehoje.com.br\/novoportal\/wp-content\/uploads\/2023\/09\/WhatsApp-Image-2023-09-11-at-09.50.00-600x503.jpeg\" alt=\"\" width=\"551\" height=\"462\" srcset=\"https:\/\/www.sudoestehoje.com.br\/novoportal\/wp-content\/uploads\/2023\/09\/WhatsApp-Image-2023-09-11-at-09.50.00-600x503.jpeg 600w, https:\/\/www.sudoestehoje.com.br\/novoportal\/wp-content\/uploads\/2023\/09\/WhatsApp-Image-2023-09-11-at-09.50.00-700x587.jpeg 700w, https:\/\/www.sudoestehoje.com.br\/novoportal\/wp-content\/uploads\/2023\/09\/WhatsApp-Image-2023-09-11-at-09.50.00-768x644.jpeg 768w, https:\/\/www.sudoestehoje.com.br\/novoportal\/wp-content\/uploads\/2023\/09\/WhatsApp-Image-2023-09-11-at-09.50.00.jpeg 940w\" sizes=\"auto, (max-width: 551px) 100vw, 551px\" \/><\/p>\n<p><strong>O que era para ser uma grande festa pol\u00edtica da base governista em Itapetinga, acabou se transformando em um verdadeiro fiasco, ap\u00f3s consecutivos adiamentos da inaugura\u00e7\u00e3o do Complexo Poliesportivo do munic\u00edpio, constru\u00eddo pelo governo estadual.<\/strong><\/p>\n<p><strong>Ap\u00f3s atraso de mais de dois anos, a obra finalmente ficou pronta em junho de 2022 (15 meses atr\u00e1s), mas continuou fechada esperando que algum &#8216;filho de Deus&#8217; viesse fazer a inaugura\u00e7\u00e3o e entrega \u00e0 popula\u00e7\u00e3o, o que nunca aconteceu, penalizando, principalmente, os estudantes de toda a rede p\u00fablica e desportista, que ainda n\u00e3o puderam usufruir do importante equipamento p\u00fablico.<\/strong><\/p>\n<p><strong>Uma den\u00fancia proposta pelo advogado Davi Ferraz, tramita no Minist\u00e9rio P\u00fablico, solicitando a abertura do Complexo e Gin\u00e1sio de Esportes, imediatamente, independente de inaugura\u00e7\u00e3o, que poder\u00e1 ser realizada posteriormente, quando o governador tiver disponibilidade na sua agenda.<\/strong><\/p>\n<p><strong><em>&#8220;Entrei com den\u00fancia junto ao MP, pedindo apenas a abertura do Complexo e do Gin\u00e1sio, para atender \u00e0s demandas das escolas e da popula\u00e7\u00e3o que gosta de fazer suas caminhadas e praticar esportes, mas a base governista em Itapetinga n\u00e3o levou \u00e0 s\u00e9rio e fez at\u00e9 chacota, dizendo que o equipamento p\u00fablico &#8216;n\u00e3o vai abrir&#8217;, enquanto o governador n\u00e3o vir inaugurar&#8221;<\/em>, disse Davi Ferraz, autor da den\u00fancia ao MP.<\/strong><\/p>\n<p><strong>O resultado dessa verdadeira &#8216;novela mexicana&#8217;, \u00e9 um enorme desgaste para a base do governador Jer\u00f4nimo em Itapetinga (PT, PCdoB, PSD e PP), dada a revolta da popula\u00e7\u00e3o.<\/strong><\/p>\n<p><strong>Quem n\u00e3o sabe rezar, xinga Deus&#8230;<\/strong><\/p>\n<p><strong>Reda\u00e7\u00e3o SH<\/strong><\/p>\n","protected":false},"excerpt":{"rendered":"<p>O que era para ser uma grande festa pol\u00edtica da base governista em Itapetinga, acabou se transformando em um verdadeiro fiasco, ap\u00f3s consecutivos adiamentos da inaugura\u00e7\u00e3o do Complexo Poliesportivo do munic\u00edpio, constru\u00eddo pelo governo estadual. Ap\u00f3s atraso de mais de dois anos, a obra finalmente ficou pronta em junho de 2022 (15 meses atr\u00e1s), mas [&hellip;]<\/p>\n","protected":false},"author":2,"featured_media":112594,"comment_status":"closed","ping_status":"open","sticky":false,"template":"","format":"standard","meta":{"footnotes":"","_links_to":"","_links_to_target":""},"categories":[1],"tags":[],"class_list":["post-112586","post","type-post","status-publish","format-standard","has-post-thumbnail","hentry","category-geral"],"views":811,"_links":{"self":[{"href":"https:\/\/www.sudoestehoje.com.br\/novoportal\/wp-json\/wp\/v2\/posts\/112586","targetHints":{"allow":["GET"]}}],"collection":[{"href":"https:\/\/www.sudoestehoje.com.br\/novoportal\/wp-json\/wp\/v2\/posts"}],"about":[{"href":"https:\/\/www.sudoestehoje.com.br\/novoportal\/wp-json\/wp\/v2\/types\/post"}],"author":[{"embeddable":true,"href":"https:\/\/www.sudoestehoje.com.br\/novoportal\/wp-json\/wp\/v2\/users\/2"}],"replies":[{"embeddable":true,"href":"https:\/\/www.sudoestehoje.com.br\/novoportal\/wp-json\/wp\/v2\/comments?post=112586"}],"version-history":[{"count":5,"href":"https:\/\/www.sudoestehoje.com.br\/novoportal\/wp-json\/wp\/v2\/posts\/112586\/revisions"}],"predecessor-version":[{"id":112598,"href":"https:\/\/www.sudoestehoje.com.br\/novoportal\/wp-json\/wp\/v2\/posts\/112586\/revisions\/112598"}],"wp:featuredmedia":[{"embeddable":true,"href":"https:\/\/www.sudoestehoje.com.br\/novoportal\/wp-json\/wp\/v2\/media\/112594"}],"wp:attachment":[{"href":"https:\/\/www.sudoestehoje.com.br\/novoportal\/wp-json\/wp\/v2\/media?parent=112586"}],"wp:term":[{"taxonomy":"category","embeddable":true,"href":"https:\/\/www.sudoestehoje.com.br\/novoportal\/wp-json\/wp\/v2\/categories?post=112586"},{"taxonomy":"post_tag","embeddable":true,"href":"https:\/\/www.sudoestehoje.com.br\/novoportal\/wp-json\/wp\/v2\/tags?post=112586"}],"curies":[{"name":"wp","href":"https:\/\/api.w.org\/{rel}","templated":true}]}}